{"id":1474,"date":"2017-06-20T10:41:52","date_gmt":"2017-06-20T09:41:52","guid":{"rendered":"https:\/\/www.capitecorpus.com\/blog\/?p=1474"},"modified":"2017-06-21T10:42:13","modified_gmt":"2017-06-21T09:42:13","slug":"rediger-declaration-droits-personnels","status":"publish","type":"post","link":"https:\/\/www.capitecorpus.com\/blog\/rediger-declaration-droits-personnels\/","title":{"rendered":"R\u00e9diger sa propre d\u00e9claration de droits personnels pour mieux s&rsquo;affirmer !"},"content":{"rendered":"<p style=\"text-align: justify;\">Face \u00e0 une situation compliqu\u00e9e, trois comportements principaux r\u00e9gissent nos r\u00e9actions\u00a0naturelles : l\u2019<span style=\"color: #ff9849;\"><strong>agressivit\u00e9<\/strong><\/span>, la <span style=\"color: #ff9849;\"><strong>fuite<\/strong><\/span> et la <span style=\"color: #ff9849;\"><strong>manipulation<\/strong><\/span>. Hors il existe une quatri\u00e8me voie, moins spontan\u00e9e\u00a0mais plus judicieuse : l\u2019assertivit\u00e9, autrement dit, l\u2019affirmation de soi. Fruit d\u2019un travail personnel quotidien, l\u2019assertivit\u00e9 permet de mettre en place des relations \u00e9quilibr\u00e9es avec l\u2019autre et de mieux savoir se positionner. A l\u2019origine de ce travail r\u00e9side un fondamental\u00a0: <span style=\"color: #ff9849;\"><strong>reconnaitre<\/strong> <strong>ses<\/strong> <strong>droits<\/strong><\/span> et ses besoins tout en respectant ceux des autres dans une situation donn\u00e9e. Le psychologue Manuel J. Smith est le premier \u00e0 avoir \u00e9tabli, il y a 50 ans, une \u00ab\u00a0d\u00e9claration des droits de la personne assertive\u00a0\u00bb bas\u00e9e sur le principe qu\u2019il faut tout d\u2019abord reconna\u00eetre ses droits afin de pouvoir les faire valoir.<\/p>\n<h2 style=\"text-align: justify;\">Principe g\u00e9n\u00e9ral<\/h2>\n<p style=\"text-align: justify;\">R\u00e9diger sa d\u00e9claration de droits personnelle consiste \u00e0 lister les <span style=\"color: #ff9849;\"><strong>permissions<\/strong><\/span> qu\u2019on s\u2019accorde et \u00e0 fixer les <span style=\"color: #ff9849;\"><strong>limites<\/strong><\/span> de ce que l\u2019autre peut nous demander. En d\u00e9finissant ce qui est acceptable ou non pour soi-m\u00eame, on mat\u00e9rialise ainsi les \u00e9l\u00e9ments essentiels de notre vie et de contr\u00f4ler en cons\u00e9quence qui et quoi peuvent y rentrer.<\/p>\n<p style=\"text-align: justify;\">L\u2019id\u00e9e est de ne pas laisser notre entourage prendre des d\u00e9cisions \u00e0 notre place. Ainsi une liste de droits repose sur des d\u00e9clarations du genre\u00a0: \u00ab\u00a0J\u2019ai le droit d\u2019exprimer une faiblesse\u00a0\u00bb\u00a0; \u00ab\u00a0J\u2019ai le droit d\u2019exprimer mes propres opinions\u00a0\u00bb\u00a0; \u00ab\u00a0J\u2019ai le droit de changer d\u2019avis voire d\u2019\u00eatre illogique dans ma prise de d\u00e9cision\u00a0\u00bb\u2026<\/p>\n<p style=\"text-align: justify;\">Allant d\u2019une phrase basique sur un droit essentiel \u00e0 des phrases plus complexes int\u00e9grant des m\u00e9canismes qui nous sont propres, cette liste doit comprendre les <span style=\"color: #ff9849;\"><strong>basiques<\/strong><\/span> de notre <span style=\"color: #ff9849;\"><strong>personnalit\u00e9<\/strong><\/span> afin de mieux nous positionner.<\/p>\n<h2 style=\"text-align: justify;\">Comment r\u00e9diger votre d\u00e9claration ?<\/h2>\n<p style=\"text-align: left;\">Plusieurs \u00e9tapes clefs permettent de d\u00e9finir une d\u00e9claration personnelle et motiv\u00e9e\u00a0:<\/p>\n<ul style=\"text-align: justify;\">\n<li><span style=\"color: #ff9849;\"><strong>Pensez<\/strong><\/span> aux situations qui ont d\u00e9clench\u00e9 chez vous une forte charge \u00e9motionnelle, qu\u2019elle soit positive ou n\u00e9gative.<\/li>\n<li><span style=\"color: #ff9849;\"><strong>Identifiez<\/strong><\/span> alors vos besoins satisfaits ou non satisfaits, vos valeurs reconnues ou au contraire bafou\u00e9es.<\/li>\n<li>Si vos besoins ou valeurs n\u2019ont pas \u00e9t\u00e9 respect\u00e9s, quel droit devez-vous <span style=\"color: #ff9849;\"><strong>revendiquer<\/strong><\/span> pour les assumer\u00a0?<\/li>\n<\/ul>\n<p style=\"text-align: justify;\">Au fur et \u00e0 mesure des contextes et des situations vous \u00e9tofferez votre liste afin d\u2019identifier ce que vous pouvez vous permettre avec les autres, ce que vous leur interdisez et ce que vous vous autorisez \u00e0 vous-m\u00eame.<\/p>\n<p style=\"text-align: justify;\">Enfin, n\u2019h\u00e9sitez pas \u00e0 communiquer vos principes aux personnes autour de vous afin de les pr\u00e9venir de votre charte de conduite auto-d\u00e9clar\u00e9e\u00a0!<\/p>\n<h2 style=\"text-align: justify;\">Conseils<\/h2>\n<ul style=\"text-align: justify;\">\n<li>N\u2019h\u00e9sitez pas \u00e0 formaliser cette d\u00e9claration sur un document \u00e9crit que vous conserverez pr\u00e9cieusement afin de pouvoir la consulter r\u00e9guli\u00e8rement.<\/li>\n<\/ul>\n<ul style=\"text-align: justify;\">\n<li>Gardez une flexibilit\u00e9 afin de faire \u00e9voluer votre liste dans le temps, vos besoins \u00e9voluent ainsi que votre contexte de vie.<\/li>\n<\/ul>\n<ul style=\"text-align: justify;\">\n<li>Enfin, ne perdez pas de vue que vos droits sont valables et justes tant qu\u2019ils n\u2019empi\u00e8tent pas sur ceux des autres.<\/li>\n<\/ul>\n<div style=\"border: 2px solid #ff9849; padding: 15px; text-align: left;\">\n<h3 style=\"letter-spacing: -0.01em; text-align: justify;\">Les b\u00e9n\u00e9fices de la d\u00e9claration des droits personnels\u00a0:<\/h3>\n<ul style=\"text-align: justify;\">\n<li style=\"text-align: justify;\">Formuler sa d\u00e9claration de droits permet de dire non plus facilement en ayant une base sur laquelle vous appuyer.<\/li>\n<li style=\"text-align: justify;\">La d\u00e9claration vous permettra de mieux g\u00e9rer votre temps en apprenant \u00e0 choisir vos priorit\u00e9s en fonction de vos besoins et non pas ceux des autres.<\/li>\n<li style=\"text-align: justify;\">Elle vous permet \u00e9galement de ne pas c\u00e9der aux tentatives de manipulation de votre entourage en \u00e9tant plus ferme sur vos limites et surtout celles que vous fixez aux autres.<\/li>\n<\/ul>\n<\/div>\n<p>&nbsp;<\/p>\n<p style=\"text-align: jsutify;\"><a href=\"http:\/\/www.capitecorpus.com\/formation-efficacite-relationnelle\/formation-affirmation-de-soi\"><img loading=\"lazy\" decoding=\"async\" class=\"alignnone size-full wp-image-1478\" src=\"https:\/\/www.capitecorpus.com\/blog\/wp-content\/uploads\/2017\/06\/cta_aff.png\" alt=\"Cliquez pour d\u00e9couvrir notre formation sur l'affirmation de soi\" width=\"554\" height=\"46\" srcset=\"https:\/\/www.capitecorpus.com\/blog\/wp-content\/uploads\/2017\/06\/cta_aff.png 554w, https:\/\/www.capitecorpus.com\/blog\/wp-content\/uploads\/2017\/06\/cta_aff-300x25.png 300w\" sizes=\"(max-width: 554px) 100vw, 554px\" \/><\/a><\/p>\n","protected":false},"excerpt":{"rendered":"<p>Face \u00e0 une situation compliqu\u00e9e, trois comportements principaux r\u00e9gissent nos r\u00e9actions\u00a0naturelles : l\u2019agressivit\u00e9, la fuite et la manipulation. Hors il existe une quatri\u00e8me voie, moins spontan\u00e9e\u00a0mais plus judicieuse : l\u2019assertivit\u00e9, autrement dit, l\u2019affirmation de soi. Fruit d\u2019un travail personnel quotidien, l\u2019assertivit\u00e9 permet de mettre en place des relations \u00e9quilibr\u00e9es avec l\u2019autre et de mieux savoir [&hellip;]<\/p>\n","protected":false},"author":3,"featured_media":1477,"comment_status":"open","ping_status":"open","sticky":false,"template":"","format":"standard","meta":{"_et_pb_use_builder":"","_et_pb_old_content":"","_et_gb_content_width":"","footnotes":""},"categories":[3],"tags":[],"class_list":["post-1474","post","type-post","status-publish","format-standard","has-post-thumbnail","hentry","category-boite-a-outils","et-has-post-format-content","et_post_format-et-post-format-standard"],"views":1997,"_links":{"self":[{"href":"https:\/\/www.capitecorpus.com\/blog\/wp-json\/wp\/v2\/posts\/1474","targetHints":{"allow":["GET"]}}],"collection":[{"href":"https:\/\/www.capitecorpus.com\/blog\/wp-json\/wp\/v2\/posts"}],"about":[{"href":"https:\/\/www.capitecorpus.com\/blog\/wp-json\/wp\/v2\/types\/post"}],"author":[{"embeddable":true,"href":"https:\/\/www.capitecorpus.com\/blog\/wp-json\/wp\/v2\/users\/3"}],"replies":[{"embeddable":true,"href":"https:\/\/www.capitecorpus.com\/blog\/wp-json\/wp\/v2\/comments?post=1474"}],"version-history":[{"count":0,"href":"https:\/\/www.capitecorpus.com\/blog\/wp-json\/wp\/v2\/posts\/1474\/revisions"}],"wp:featuredmedia":[{"embeddable":true,"href":"https:\/\/www.capitecorpus.com\/blog\/wp-json\/wp\/v2\/media\/1477"}],"wp:attachment":[{"href":"https:\/\/www.capitecorpus.com\/blog\/wp-json\/wp\/v2\/media?parent=1474"}],"wp:term":[{"taxonomy":"category","embeddable":true,"href":"https:\/\/www.capitecorpus.com\/blog\/wp-json\/wp\/v2\/categories?post=1474"},{"taxonomy":"post_tag","embeddable":true,"href":"https:\/\/www.capitecorpus.com\/blog\/wp-json\/wp\/v2\/tags?post=1474"}],"curies":[{"name":"wp","href":"https:\/\/api.w.org\/{rel}","templated":true}]}}