{"id":1484,"date":"2017-06-23T09:47:48","date_gmt":"2017-06-23T08:47:48","guid":{"rendered":"https:\/\/www.capitecorpus.com\/blog\/?p=1484"},"modified":"2017-06-23T14:28:48","modified_gmt":"2017-06-23T13:28:48","slug":"communautes-pratique-phenomene-spontane-profitable","status":"publish","type":"post","link":"https:\/\/www.capitecorpus.com\/blog\/communautes-pratique-phenomene-spontane-profitable\/","title":{"rendered":"Les communaut\u00e9s de pratique : retour sur un ph\u00e9nom\u00e8ne souvent spontan\u00e9 et pourtant tr\u00e8s profitable"},"content":{"rendered":"<p style=\"text-align: justify;\">Les communaut\u00e9s de pratique d\u00e9signent le regroupement de plusieurs personnes qui partagent les m\u00eames probl\u00e9matiques, souvent qui font le m\u00eame m\u00e9tier. Ces r\u00e9unions permettent \u00e0 leurs membres d\u2019\u00e9changer sur leurs pratiques, les enjeux auxquels ils sont confront\u00e9s, leurs savoir-faire ainsi que leurs outils. On remarque que ces communaut\u00e9s s\u2019organisent souvent spontan\u00e9ment et fonctionnent de mani\u00e8re autog\u00e9r\u00e9e. Tr\u00e8s riches de sens pour les collaborateurs, elles permettent de d\u00e9velopper des outils collectifs test\u00e9s et compl\u00e8tement adapt\u00e9s \u00e0 un corps de m\u00e9tier particulier ainsi qu\u2019aux entreprises dans lesquelles elles se sont d\u00e9velopp\u00e9es. Une exp\u00e9rience \u00e0 favoriser voire \u00e0 apprendre \u00e0 mieux piloter \u2026<\/p>\n<h2 style=\"text-align: justify;\">Principe g\u00e9n\u00e9ral<\/h2>\n<p style=\"text-align: justify;\">Souvent mises en place de mani\u00e8re informelle, les communaut\u00e9s de pratique s\u2019organisent en g\u00e9n\u00e9ral avant ou apr\u00e8s le travail ou encore pendant les pauses d\u00e9jeuner. Elles reposent sur un domaine d\u2019activit\u00e9 commun, une probl\u00e9matique identique, une volont\u00e9 de progresser et l\u2019envie de capitaliser sur des comp\u00e9tences confirm\u00e9es. Elles sont \u00e9galement l\u2019occasion de rencontres et de socialisation. Les communaut\u00e9s de pratique d\u00e9terminent d\u2019embl\u00e9e leurs objectifs, leurs moyens et leur dur\u00e9e de vie en fonction des enjeux identifi\u00e9s.<\/p>\n<h2 style=\"text-align: justify;\">Pourquoi et comment les utiliser ?<\/h2>\n<p style=\"text-align: justify;\">Le <span style=\"color: #3fc16f;\"><strong>travail collaboratif <\/strong><\/span>et le <span style=\"color: #3fc16f;\"><strong>partage de connaissances <\/strong><\/span>sont une v\u00e9ritable valeur-ajout\u00e9e des communaut\u00e9s de pratique. Il n\u2019existe pas de m\u00e9thode de r\u00e9f\u00e9rence pour les constituer. Souvent elles se cr\u00e9ent spontan\u00e9ment en r\u00e9ponse tacite aux besoins de professionnels qui veulent partager leur m\u00e9thode et la confronter \u00e0 celles d\u2019autres profils similaires. Les objectifs sont multiples\u00a0:<\/p>\n<ul style=\"text-align: justify;\">\n<li>Le partage et la production de connaissances bas\u00e9es sur l\u2019exp\u00e9rience et l\u2019expertise.<\/li>\n<li>L\u2019int\u00e9gration et la formation de collaborateurs.<\/li>\n<li>La r\u00e9solution de probl\u00e9matiques complexes techniques, manag\u00e9riales ou encore comportementales.<\/li>\n<li>La cr\u00e9ation de r\u00e9seaux, de transversalit\u00e9 et de parit\u00e9.<\/li>\n<\/ul>\n<p style=\"text-align: justify;\">Au final, l\u2019id\u00e9e est de formaliser &#8211; concr\u00e8tement ou pas &#8211; une sorte de guide de bonnes pratiques et de bonnes id\u00e9es qui servira de r\u00e9f\u00e9rence aux membres de la communaut\u00e9 comme \u00e0 l\u2019entreprise si cette derni\u00e8re l\u2019a int\u00e9gr\u00e9e au pr\u00e9alable dans son mode de fonctionnement organisationnel.<\/p>\n<p style=\"text-align: justify;\">Une seule pr\u00e9caution est \u00e0 prendre en compte dans ce genre de pratique collaborative\u00a0: \u00eatre attentif \u00e0 l\u2019investissement de tous voire que des nouveaux membres soient souvent inclus. Ceci afin de nourrir les r\u00e9flexions avec un souffle nouveau et surtout soulager les membres actifs qui risquent de se d\u00e9sengager avec le temps. Les niveaux de contribution doivent, eux aussi, \u00eatre partag\u00e9s et \u00e9quilibr\u00e9s\u00a0!<\/p>\n<h2 style=\"text-align: justify;\">Comment les organiser et les \u00ab\u00a0manager\u00a0\u00bb ?<\/h2>\n<p style=\"text-align: justify;\">Une entreprise qui prend conscience de l\u2019avantage concurrentiel de ce type de pratique devra adapter sa pratique manag\u00e9riale au mode <span style=\"color: #3fc16f;\"><strong>collaboratif<\/strong><\/span>. Sans interf\u00e9rer avec le mode de fonctionnement de la communaut\u00e9 de pratique, il s\u2019agit simplement de lib\u00e9rer du temps et d\u2019encourager les membres de ces r\u00e9unions. Sans vell\u00e9it\u00e9 de contr\u00f4le, un manager dont les membres se sont inscrits dans une communaut\u00e9 devra s\u2019int\u00e9resser \u00e0 ce qui est produit en son sein, la valoriser et surtout capitaliser sur les nouvelles comp\u00e9tences induites par cette pratique. La mise en place de plateformes collaboratives, d\u2019un intranet ou d\u2019une messagerie professionnelle instantan\u00e9e facilitera le partage et la co-cr\u00e9ation.<\/p>\n<p style=\"text-align: justify;\">La bonne coordination de la communaut\u00e9 est une cl\u00e9 essentielle de sa r\u00e9ussite. Si elle n\u2019est pas prise en charge par l\u2019un de ses membres, un comit\u00e9 de pilotage doit \u00eatre mis en place pour la structurer\u00a0: listes de sujets \u00e0 trait\u00e9s, compte-rendu r\u00e9guliers, liens avec la direction d\u2019une entreprise, recrutement et int\u00e9gration de nouveaux membres si besoin\u2026 Pour un bon fonctionnement, les communaut\u00e9s de pratiques n\u00e9cessitent une m\u00e9thode de travail et une organisation transversale.<\/p>\n<div style=\"border: 2px solid #3fc16f; padding: 15px; text-align: left;\">\n<h2 style=\"text-align: justify;\">Les b\u00e9n\u00e9fices\u00a0pour l&rsquo;entreprise<\/h2>\n<ul>\n<li>Une diffusion des \u00ab\u00a0bonnes pratiques\u00a0\u00bb au sein de l&rsquo;entreprise<\/li>\n<li>Un engagement et une motivation accrus<\/li>\n<li>Un d\u00e9veloppement de connaissances et de comp\u00e9tences<\/li>\n<li>Une veille concurrentielle op\u00e9rationnelle<\/li>\n<\/ul>\n<\/div>\n<div style=\"border: 2px solid #3fc16f; padding: 15px; text-align: left;\">\n<h2 style=\"text-align: justify;\">Les b\u00e9n\u00e9fices\u00a0pour\u00a0les participants<\/h2>\n<ul>\n<li>Une prise de confiance dans les savoir-faire<\/li>\n<li>Une identification des enjeux de l&rsquo;entreprise et une r\u00e9ponse collective<\/li>\n<li>Une meilleure capacit\u00e9 \u00e0 affronter les d\u00e9fis<\/li>\n<li>Une convivialit\u00e9 et un sentiment d&rsquo;appartenance d\u00e9velopp\u00e9s<\/li>\n<\/ul>\n<\/div>\n<p>&nbsp;<\/p>\n<p style=\"text-align: justify;\"><a href=\"http:\/\/www.capitecorpus.com\/sur-mesure\/ateliers-de-co-developpement\"><img loading=\"lazy\" decoding=\"async\" class=\"alignnone size-full wp-image-1487\" src=\"https:\/\/www.capitecorpus.com\/blog\/wp-content\/uploads\/2017\/06\/cta_co_dev.png\" alt=\"Cliquez pour d\u00e9couvrir nos ateliers de co-d\u00e9veloppement\" width=\"554\" height=\"46\" srcset=\"https:\/\/www.capitecorpus.com\/blog\/wp-content\/uploads\/2017\/06\/cta_co_dev.png 554w, https:\/\/www.capitecorpus.com\/blog\/wp-content\/uploads\/2017\/06\/cta_co_dev-300x25.png 300w\" sizes=\"(max-width: 554px) 100vw, 554px\" \/><\/a><\/p>\n<p style=\"text-align: justify;\">Plus d&rsquo;articles sur le partage de comp\u00e9tences ? D\u00e9couvrez :<\/p>\n<ul style=\"text-align: justify;\">\n<li><a href=\"https:\/\/www.capitecorpus.com\/blog\/les-atouts-du-co-developpement\/\">Le co-d\u00e9veloppement<\/a><\/li>\n<li><a href=\"https:\/\/www.capitecorpus.com\/blog\/learning-by-doing-apprentissage-experience-technique-formation-imparable\/\">Le \u00ab\u00a0learning by doing\u00a0\u00bb<\/a><\/li>\n<li><a href=\"https:\/\/www.capitecorpus.com\/blog\/apprentissage-equipe-comment-manager-intelligence-collective\/\">La matrice AXIO<\/a><\/li>\n<\/ul>\n<p style=\"text-align: justify;\"><a href=\"https:\/\/www.amazon.fr\/MEGA-bo%C3%AEte-outils-manager-leader\/dp\/2100754068\/ref=sr_1_fkmr0_1?ie=UTF8&amp;qid=1479478756&amp;sr=8-1-fkmr0&amp;keywords=manager+leader+par+Dunod\" target=\"_blank\"><em style=\"font-size: 0.9em;\">*Cet article est issu du livre \u00ab\u00a0La m\u00e9ga bo\u00eete \u00e0 outils du Manager Leader\u00a0\u00bb<\/em><\/a><\/p>\n","protected":false},"excerpt":{"rendered":"<p>Les communaut\u00e9s de pratique d\u00e9signent le regroupement de plusieurs personnes qui partagent les m\u00eames probl\u00e9matiques, souvent qui font le m\u00eame m\u00e9tier. Ces r\u00e9unions permettent \u00e0 leurs membres d\u2019\u00e9changer sur leurs pratiques, les enjeux auxquels ils sont confront\u00e9s, leurs savoir-faire ainsi que leurs outils. On remarque que ces communaut\u00e9s s\u2019organisent souvent spontan\u00e9ment et fonctionnent de mani\u00e8re [&hellip;]<\/p>\n","protected":false},"author":3,"featured_media":1490,"comment_status":"open","ping_status":"open","sticky":false,"template":"","format":"standard","meta":{"_et_pb_use_builder":"","_et_pb_old_content":"","_et_gb_content_width":"","footnotes":""},"categories":[6],"tags":[],"class_list":["post-1484","post","type-post","status-publish","format-standard","has-post-thumbnail","hentry","category-dossier-thema","et-has-post-format-content","et_post_format-et-post-format-standard"],"views":1964,"_links":{"self":[{"href":"https:\/\/www.capitecorpus.com\/blog\/wp-json\/wp\/v2\/posts\/1484","targetHints":{"allow":["GET"]}}],"collection":[{"href":"https:\/\/www.capitecorpus.com\/blog\/wp-json\/wp\/v2\/posts"}],"about":[{"href":"https:\/\/www.capitecorpus.com\/blog\/wp-json\/wp\/v2\/types\/post"}],"author":[{"embeddable":true,"href":"https:\/\/www.capitecorpus.com\/blog\/wp-json\/wp\/v2\/users\/3"}],"replies":[{"embeddable":true,"href":"https:\/\/www.capitecorpus.com\/blog\/wp-json\/wp\/v2\/comments?post=1484"}],"version-history":[{"count":0,"href":"https:\/\/www.capitecorpus.com\/blog\/wp-json\/wp\/v2\/posts\/1484\/revisions"}],"wp:featuredmedia":[{"embeddable":true,"href":"https:\/\/www.capitecorpus.com\/blog\/wp-json\/wp\/v2\/media\/1490"}],"wp:attachment":[{"href":"https:\/\/www.capitecorpus.com\/blog\/wp-json\/wp\/v2\/media?parent=1484"}],"wp:term":[{"taxonomy":"category","embeddable":true,"href":"https:\/\/www.capitecorpus.com\/blog\/wp-json\/wp\/v2\/categories?post=1484"},{"taxonomy":"post_tag","embeddable":true,"href":"https:\/\/www.capitecorpus.com\/blog\/wp-json\/wp\/v2\/tags?post=1484"}],"curies":[{"name":"wp","href":"https:\/\/api.w.org\/{rel}","templated":true}]}}