{"id":1657,"date":"2017-12-18T15:15:59","date_gmt":"2017-12-18T14:15:59","guid":{"rendered":"https:\/\/www.capitecorpus.com\/blog\/?p=1657"},"modified":"2024-09-10T09:36:42","modified_gmt":"2024-09-10T08:36:42","slug":"approche-cognitive-apprenant-processus-actif-apprentissage","status":"publish","type":"post","link":"https:\/\/www.capitecorpus.com\/blog\/approche-cognitive-apprenant-processus-actif-apprentissage\/","title":{"rendered":"L\u2019approche cognitive&#8230; ou comment mettre l\u2019apprenant au c\u0153ur d\u2019un processus actif d\u2019apprentissage."},"content":{"rendered":"<p>[et_pb_section admin_label=\u00a0\u00bbsection\u00a0\u00bb]<br \/>\n\t\t\t[et_pb_row admin_label=\u00a0\u00bbrow\u00a0\u00bb]<br \/>\n\t\t\t\t[et_pb_column type=\u00a0\u00bb4_4&Prime;][et_pb_text admin_label=\u00a0\u00bbText\u00a0\u00bb]<\/p>\n<p style=\"text-align: justify;\">L\u2019approche cognitive est n\u00e9e d\u2019un constat de difficult\u00e9s d\u2019assimilation d\u2019informations th\u00e9oriques de certains adultes en formation. \u00c9galement utilis\u00e9es en th\u00e9rapie, les m\u00e9thodes dites cognitives ont \u00e9t\u00e9 mises au point par plusieurs psychologues qui se sont int\u00e9ress\u00e9s \u00e0 notre mani\u00e8re de penser\u202f: notre m\u00e9moire, nos repr\u00e9sentations mentales, nos sch\u00e9mas de pens\u00e9e, notre attention, notre perception, nos capacit\u00e9s intellectuelles \u2026<\/p>\n<p style=\"text-align: justify;\">Ces m\u00e9thodes d\u2019apprentissage sont ainsi orient\u00e9es vers la <span style=\"color: #008000;\">r\u00e9organisation<\/span>, le <span style=\"color: #008000;\">changement<\/span> ou la <span style=\"color: #008000;\">r\u00e9\u00e9ducation<\/span> des pens\u00e9es inadapt\u00e9es bien souvent instinctives et non conscientes.<\/p>\n<p style=\"text-align: justify;\">Les bases r\u00e9currentes de l\u2019approche cognitive sont\u202f:<\/p>\n<ol style=\"text-align: justify;\">\n<li>L\u2019<strong>apprenant<\/strong> est au c\u0153ur de la m\u00e9thode. Son mode de raisonnement et de r\u00e9solution des probl\u00e8mes prime sur ses r\u00e9sultats.<\/li>\n<li>Ses <strong>erreurs<\/strong> et ses <strong>\u00e9checs<\/strong> sont cartographi\u00e9s et servent de base \u00e0 l\u2019identification des d\u00e9marches intellectuelles utilis\u00e9es.<\/li>\n<li>Ses <strong>interactions<\/strong> avec son environnement sont int\u00e9gr\u00e9es dans l\u2019analyse du d\u00e9veloppement de ses capacit\u00e9s mentales.<\/li>\n<\/ol>\n<p style=\"text-align: justify;\">La mise en place d\u2019un <span style=\"color: #008000;\">m\u00e9diateur<\/span> qui facilite la prise de conscience des difficult\u00e9s, qui mette en exergue les r\u00e9ussites et encourage la recherche de nouvelles solutions.<\/p>\n<h2>Quelles sont les m\u00e9thodes principales de d\u00e9veloppement cognitif\u202f?<\/h2>\n<p style=\"text-align: justify;\">Parmi les m\u00e9thodes utilis\u00e9es, plusieurs ont fait leur preuve. Voici les trois les plus fr\u00e9quemment cit\u00e9es\u202f:\u00a0<span data-ccp-props=\"{&quot;201341983&quot;:0,&quot;335551550&quot;:6,&quot;335551620&quot;:6,&quot;335559739&quot;:200,&quot;335559740&quot;:276}\">\u00a0<\/span><\/p>\n<ol style=\"text-align: justify;\">\n<li data-leveltext=\"%1)\" data-font=\"Times New Roman, serif\" data-listid=\"10\" data-aria-posinset=\"1\" data-aria-level=\"1\"><b>L\u2019entrainement mental\u202f: <\/b>cette technique repose sur la mise en parall\u00e8le dans les ann\u00e9es 30 des modes de pens\u00e9e des travailleurs manuels versus ceux des travailleurs intellectuels dans un cadre commun de projet social. Le principe est de mettre en coercition un sch\u00e9ma de pens\u00e9e permettant des <span style=\"color: #008000;\">savoirs<\/span> <span style=\"color: #008000;\">partag\u00e9s\u202f<\/span>: la recherche d\u2019information, la description, l\u2019analyse, la pr\u00e9sentation d\u2019un probl\u00e8me et la mise en relation avec autrui.<span data-ccp-props=\"{&quot;134233279&quot;:true,&quot;201341983&quot;:0,&quot;335551550&quot;:6,&quot;335551620&quot;:6,&quot;335559739&quot;:200,&quot;335559740&quot;:276}\"><br \/>\n<\/span><b><\/b><\/li>\n<li data-leveltext=\"%1)\" data-font=\"Times New Roman, serif\" data-listid=\"10\" data-aria-posinset=\"1\" data-aria-level=\"1\"><b>Les ateliers de raisonnement logique<\/b><b>s<\/b>\u202f: cette m\u00e9thode est centr\u00e9e sur l\u2019<span style=\"color: #008000;\">apprentissage<\/span> <span style=\"color: #008000;\">progressif<\/span>, la remobilisation de sch\u00e9mas de pens\u00e9e intellectuels n\u00e9cessaires \u00e0 l\u2019adaptation, la r\u00e9solution d\u2019exercices logiques et math\u00e9matiques de difficult\u00e9s progressives et la r\u00e9appropriation d\u2019un sentiment de comp\u00e9tence intellectuelle.<\/li>\n<li data-leveltext=\"%1)\" data-font=\"Times New Roman, serif\" data-listid=\"10\" data-aria-posinset=\"1\" data-aria-level=\"1\"><b>Le programme d\u2019enrichissement instrumental<\/b>\u202f: \u00e0 la base cr\u00e9\u00e9 pour accompagner des migrants isra\u00e9liens dans les ann\u00e9es 50, ce programme repose sur le potentiel d\u2019apprentissage de chaque personne. Il capitalise sur les pr\u00e9requis int\u00e9gr\u00e9s par chaque apprenant, il corrige les processus intellectuels d\u00e9ficients, d\u00e9veloppe le r\u00e9flexe de <span style=\"color: #008000;\">r\u00e9fl\u00e9chir<\/span> <span style=\"color: #008000;\">avant<\/span> d\u2019<span style=\"color: #008000;\">agir<\/span> et valorise le d\u00e9veloppement cognitif des individus via un m\u00e9diateur.\u00a0<span data-ccp-props=\"{&quot;134233279&quot;:true,&quot;201341983&quot;:0,&quot;335551550&quot;:6,&quot;335551620&quot;:6,&quot;335559739&quot;:200,&quot;335559740&quot;:276}\">\u00a0<\/span><\/li>\n<\/ol>\n<p style=\"text-align: justify;\">De mani\u00e8re plus g\u00e9n\u00e9rale, si ces techniques n\u00e9cessitent la maitrise de leur programme, l\u2019approche cognitive peut se mettre en place en identifiant\u202f<b>un mode de fonctionnement simple\u202f:\u00a0<\/b><span data-ccp-props=\"{&quot;201341983&quot;:0,&quot;335551550&quot;:6,&quot;335551620&quot;:6,&quot;335559739&quot;:200,&quot;335559740&quot;:276}\">\u00a0<\/span><\/p>\n<ul style=\"text-align: justify;\">\n<li data-leveltext=\"-\" data-font=\"Times New Roman\" data-listid=\"11\" data-aria-posinset=\"4\" data-aria-level=\"1\">L&rsquo;apprenant doit \u00eatre au c\u0153ur de son apprentissage, <strong>actif<\/strong> dans son d\u00e9sir d\u2019\u00e9voluer et conscient de ce qu\u2019il construit.\u00a0<span data-ccp-props=\"{&quot;134233279&quot;:true,&quot;201341983&quot;:0,&quot;335551550&quot;:6,&quot;335551620&quot;:6,&quot;335559739&quot;:200,&quot;335559740&quot;:276}\">\u00a0<\/span><\/li>\n<li data-leveltext=\"-\" data-font=\"Times New Roman\" data-listid=\"11\" data-aria-posinset=\"4\" data-aria-level=\"1\">Il admet qu\u2019il est le fruit d\u2019un <strong>cumul de connaissances<\/strong> qui d\u00e9terminent ce qu\u2019il peut apprendre dans le futur et la fa\u00e7on dont les nouvelles informations seront acquises. Citons ici Jacques Tardif qui indique\u202f: \u00ab L&rsquo;apprentissage est l&rsquo;\u00e9tablissement de liens entre les nouvelles informations et les connaissances ant\u00e9rieures. \u00bb\u00a0<span data-ccp-props=\"{&quot;134233279&quot;:true,&quot;201341983&quot;:0,&quot;335551550&quot;:6,&quot;335551620&quot;:6,&quot;335559739&quot;:200,&quot;335559740&quot;:276}\">\u00a0<\/span><\/li>\n<li data-leveltext=\"-\" data-font=\"Times New Roman\" data-listid=\"11\" data-aria-posinset=\"4\" data-aria-level=\"1\">Les connaissances \u00e0 assimiler doivent \u00eatre structur\u00e9es et organis\u00e9es selon ses propres sch\u00e9mas cognitifs.\u00a0<span data-ccp-props=\"{&quot;134233279&quot;:true,&quot;201341983&quot;:0,&quot;335551550&quot;:6,&quot;335551620&quot;:6,&quot;335559739&quot;:200,&quot;335559740&quot;:276}\">\u00a0<\/span><\/li>\n<li data-leveltext=\"-\" data-font=\"Times New Roman\" data-listid=\"11\" data-aria-posinset=\"4\" data-aria-level=\"1\">Enfin, une formation bas\u00e9e sur la <strong>cognition<\/strong> doit int\u00e9grer les diff\u00e9rents types de cat\u00e9gories de connaissances\u202f: les connaissances d\u00e9claratives qui sont constitu\u00e9es de faits, de principes et de lois. Elles rel\u00e8vent de la th\u00e9orie. Les connaissances <strong>proc\u00e9durales<\/strong> quant \u00e0 elles correspondent aux actions, aux proc\u00e9dures \u00e0 mettre en place Elles rel\u00e8vent des savoir-faire. Enfin les connaissances conditionnelles font appel au contexte\u202f: au quand, o\u00f9 et pourquoi.<span data-ccp-props=\"{&quot;134233279&quot;:true,&quot;201341983&quot;:0,&quot;335551550&quot;:6,&quot;335551620&quot;:6,&quot;335559739&quot;:200,&quot;335559740&quot;:276}\">\u00a0<\/span><\/li>\n<\/ul>\n<p style=\"text-align: justify;\">En utilisant ces trois niveaux de connaissances, le formateur s\u2019adresse \u00e0 tous les <strong>sch\u00e9mas<\/strong> <strong>cognitifs<\/strong> possibles d\u2019un apprenant.\u00a0<span data-ccp-props=\"{&quot;134233279&quot;:true,&quot;201341983&quot;:0,&quot;335551550&quot;:6,&quot;335551620&quot;:6,&quot;335559685&quot;:720,&quot;335559739&quot;:200,&quot;335559740&quot;:276}\"><br \/>\n<\/span><\/p>\n<p style=\"text-align: justify; font-size: 0.8em;\"><em>Article \u00e9crit \u00e0 partir du livre La boite \u00e0 outils du formateur @Editions d\u2019Organisation.\u00a0<\/em><\/p>\n<p style=\"text-align: justify;\"><a href=\"http:\/\/www.capitecorpus.com\/thematiques-formateur\/formation-de-formateur\" target=\"_blank\" rel=\"noopener\"><img loading=\"lazy\" decoding=\"async\" class=\"alignnone size-full wp-image-1660\" src=\"https:\/\/www.capitecorpus.com\/blog\/wp-content\/uploads\/2017\/12\/cta_ffo.png\" alt=\"D\u00e9couvrir nos Formations de formateurs\" width=\"554\" height=\"46\" srcset=\"https:\/\/www.capitecorpus.com\/blog\/wp-content\/uploads\/2017\/12\/cta_ffo.png 554w, https:\/\/www.capitecorpus.com\/blog\/wp-content\/uploads\/2017\/12\/cta_ffo-300x25.png 300w\" sizes=\"(max-width: 554px) 100vw, 554px\" \/><\/a><\/p>\n<p>[\/et_pb_text][\/et_pb_column]<br \/>\n\t\t\t[\/et_pb_row]<br \/>\n\t\t[\/et_pb_section]<\/p>\n","protected":false},"excerpt":{"rendered":"<p>L\u2019approche cognitive est n\u00e9e d\u2019un constat de difficult\u00e9s d\u2019assimilation d\u2019informations th\u00e9oriques de certains adultes en formation. \u00c9galement utilis\u00e9es en th\u00e9rapie, les m\u00e9thodes dites cognitives ont \u00e9t\u00e9 mises au point par plusieurs psychologues qui se sont int\u00e9ress\u00e9s \u00e0 notre mani\u00e8re de penser\u202f: notre m\u00e9moire, nos repr\u00e9sentations mentales, nos sch\u00e9mas de pens\u00e9e, notre attention, notre perception, nos [&hellip;]<\/p>\n","protected":false},"author":3,"featured_media":1665,"comment_status":"open","ping_status":"open","sticky":false,"template":"","format":"standard","meta":{"_et_pb_use_builder":"on","_et_pb_old_content":"<p style=\"text-align: justify;\">L\u2019approche cognitive est n\u00e9e d\u2019un constat de difficult\u00e9s d\u2019assimilation d\u2019informations th\u00e9oriques de certains adultes en formation. \u00c9galement utilis\u00e9es en th\u00e9rapie, les m\u00e9thodes dites cognitives ont \u00e9t\u00e9 mises au point par plusieurs psychologues qui se sont int\u00e9ress\u00e9s \u00e0 notre mani\u00e8re de penser\u202f: notre m\u00e9moire, nos repr\u00e9sentations mentales, nos sch\u00e9mas de pens\u00e9e, notre attention, notre perception, nos capacit\u00e9s intellectuelles \u2026<\/p>\r\n<p style=\"text-align: justify;\">Ces m\u00e9thodes d\u2019apprentissage sont ainsi orient\u00e9es vers la <span style=\"color: #008000;\">r\u00e9organisation<\/span>, le <span style=\"color: #008000;\">changement<\/span> ou la <span style=\"color: #008000;\">r\u00e9\u00e9ducation<\/span> des pens\u00e9es inadapt\u00e9es bien souvent instinctives et non conscientes.<\/p>\r\n<p style=\"text-align: justify;\">Les bases r\u00e9currentes de l\u2019approche cognitive sont\u202f:<\/p>\r\n\r\n<ol style=\"text-align: justify;\">\r\n \t<li>L\u2019<strong>apprenant<\/strong> est au c\u0153ur de la m\u00e9thode. Son mode de raisonnement et de r\u00e9solution des probl\u00e8mes prime sur ses r\u00e9sultats.<\/li>\r\n \t<li>Ses <strong>erreurs<\/strong> et ses <strong>\u00e9checs<\/strong> sont cartographi\u00e9s et servent de base \u00e0 l\u2019identification des d\u00e9marches intellectuelles utilis\u00e9es.<\/li>\r\n \t<li>Ses <strong>interactions<\/strong> avec son environnement sont int\u00e9gr\u00e9es dans l\u2019analyse du d\u00e9veloppement de ses capacit\u00e9s mentales.<\/li>\r\n<\/ol>\r\n<p style=\"text-align: justify;\">La mise en place d\u2019un <span style=\"color: #008000;\">m\u00e9diateur<\/span> qui facilite la prise de conscience des difficult\u00e9s, qui mette en exergue les r\u00e9ussites et encourage la recherche de nouvelles solutions.<\/p>\r\n\r\n<h2>Quelles sont les m\u00e9thodes principales de d\u00e9veloppement cognitif\u202f?<\/h2>\r\n<p style=\"text-align: justify;\">Parmi les m\u00e9thodes utilis\u00e9es, plusieurs ont fait leur preuve. Voici les trois les plus fr\u00e9quemment cit\u00e9es\u202f:\u00a0<span data-ccp-props=\"{&quot;201341983&quot;:0,&quot;335551550&quot;:6,&quot;335551620&quot;:6,&quot;335559739&quot;:200,&quot;335559740&quot;:276}\">\u00a0<\/span><\/p>\r\n\r\n<ol style=\"text-align: justify;\">\r\n \t<li data-leveltext=\"%1)\" data-font=\"Times New Roman, serif\" data-listid=\"10\" data-aria-posinset=\"1\" data-aria-level=\"1\"><b>L\u2019entrainement mental\u202f: <\/b>cette technique repose sur la mise en parall\u00e8le dans les ann\u00e9es 30 des modes de pens\u00e9e des travailleurs manuels versus ceux des travailleurs intellectuels dans un cadre commun de projet social. Le principe est de mettre en coercition un sch\u00e9ma de pens\u00e9e permettant des <span style=\"color: #008000;\">savoirs<\/span> <span style=\"color: #008000;\">partag\u00e9s\u202f<\/span>: la recherche d\u2019information, la description, l\u2019analyse, la pr\u00e9sentation d\u2019un probl\u00e8me et la mise en relation avec autrui.<span data-ccp-props=\"{&quot;134233279&quot;:true,&quot;201341983&quot;:0,&quot;335551550&quot;:6,&quot;335551620&quot;:6,&quot;335559739&quot;:200,&quot;335559740&quot;:276}\">\r\n<\/span><b><\/b><\/li>\r\n \t<li data-leveltext=\"%1)\" data-font=\"Times New Roman, serif\" data-listid=\"10\" data-aria-posinset=\"1\" data-aria-level=\"1\"><b>Les ateliers de raisonnement logique<\/b><b>s<\/b>\u202f: cette m\u00e9thode est centr\u00e9e sur l\u2019<span style=\"color: #008000;\">apprentissage<\/span> <span style=\"color: #008000;\">progressif<\/span>, la remobilisation de sch\u00e9mas de pens\u00e9e intellectuels n\u00e9cessaires \u00e0 l\u2019adaptation, la r\u00e9solution d\u2019exercices logiques et math\u00e9matiques de difficult\u00e9s progressives et la r\u00e9appropriation d\u2019un sentiment de comp\u00e9tence intellectuelle.<\/li>\r\n \t<li data-leveltext=\"%1)\" data-font=\"Times New Roman, serif\" data-listid=\"10\" data-aria-posinset=\"1\" data-aria-level=\"1\"><b>Le programme d\u2019enrichissement instrumental<\/b>\u202f: \u00e0 la base cr\u00e9\u00e9 pour accompagner des migrants isra\u00e9liens dans les ann\u00e9es 50, ce programme repose sur le potentiel d\u2019apprentissage de chaque personne. Il capitalise sur les pr\u00e9requis int\u00e9gr\u00e9s par chaque apprenant, il corrige les processus intellectuels d\u00e9ficients, d\u00e9veloppe le r\u00e9flexe de <span style=\"color: #008000;\">r\u00e9fl\u00e9chir<\/span> <span style=\"color: #008000;\">avant<\/span> d\u2019<span style=\"color: #008000;\">agir<\/span> et valorise le d\u00e9veloppement cognitif des individus via un m\u00e9diateur.\u00a0<span data-ccp-props=\"{&quot;134233279&quot;:true,&quot;201341983&quot;:0,&quot;335551550&quot;:6,&quot;335551620&quot;:6,&quot;335559739&quot;:200,&quot;335559740&quot;:276}\">\u00a0<\/span><\/li>\r\n<\/ol>\r\n<p style=\"text-align: justify;\">De mani\u00e8re plus g\u00e9n\u00e9rale, si ces techniques n\u00e9cessitent la maitrise de leur programme, l\u2019approche cognitive peut se mettre en place en identifiant\u202f<b>un mode de fonctionnement simple\u202f:\u00a0<\/b><span data-ccp-props=\"{&quot;201341983&quot;:0,&quot;335551550&quot;:6,&quot;335551620&quot;:6,&quot;335559739&quot;:200,&quot;335559740&quot;:276}\">\u00a0<\/span><\/p>\r\n\r\n<ul style=\"text-align: justify;\">\r\n \t<li data-leveltext=\"-\" data-font=\"Times New Roman\" data-listid=\"11\" data-aria-posinset=\"4\" data-aria-level=\"1\">L'apprenant doit \u00eatre au c\u0153ur de son apprentissage, <strong>actif<\/strong> dans son d\u00e9sir d\u2019\u00e9voluer et conscient de ce qu\u2019il construit.\u00a0<span data-ccp-props=\"{&quot;134233279&quot;:true,&quot;201341983&quot;:0,&quot;335551550&quot;:6,&quot;335551620&quot;:6,&quot;335559739&quot;:200,&quot;335559740&quot;:276}\">\u00a0<\/span><\/li>\r\n \t<li data-leveltext=\"-\" data-font=\"Times New Roman\" data-listid=\"11\" data-aria-posinset=\"4\" data-aria-level=\"1\">Il admet qu\u2019il est le fruit d\u2019un <strong>cumul de connaissances<\/strong> qui d\u00e9terminent ce qu\u2019il peut apprendre dans le futur et la fa\u00e7on dont les nouvelles informations seront acquises. Citons ici Jacques Tardif qui indique\u202f: \u00ab L'apprentissage est l'\u00e9tablissement de liens entre les nouvelles informations et les connaissances ant\u00e9rieures. \u00bb\u00a0<span data-ccp-props=\"{&quot;134233279&quot;:true,&quot;201341983&quot;:0,&quot;335551550&quot;:6,&quot;335551620&quot;:6,&quot;335559739&quot;:200,&quot;335559740&quot;:276}\">\u00a0<\/span><\/li>\r\n \t<li data-leveltext=\"-\" data-font=\"Times New Roman\" data-listid=\"11\" data-aria-posinset=\"4\" data-aria-level=\"1\">Les connaissances \u00e0 assimiler doivent \u00eatre structur\u00e9es et organis\u00e9es selon ses propres sch\u00e9mas cognitifs.\u00a0<span data-ccp-props=\"{&quot;134233279&quot;:true,&quot;201341983&quot;:0,&quot;335551550&quot;:6,&quot;335551620&quot;:6,&quot;335559739&quot;:200,&quot;335559740&quot;:276}\">\u00a0<\/span><\/li>\r\n \t<li data-leveltext=\"-\" data-font=\"Times New Roman\" data-listid=\"11\" data-aria-posinset=\"4\" data-aria-level=\"1\">Enfin, une formation bas\u00e9e sur la <strong>cognition<\/strong> doit int\u00e9grer les diff\u00e9rents types de cat\u00e9gories de connaissances\u202f: les connaissances d\u00e9claratives qui sont constitu\u00e9es de faits, de principes et de lois. Elles rel\u00e8vent de la th\u00e9orie. Les connaissances <strong>proc\u00e9durales<\/strong> quant \u00e0 elles correspondent aux actions, aux proc\u00e9dures \u00e0 mettre en place Elles rel\u00e8vent des savoir-faire. Enfin les connaissances conditionnelles font appel au contexte\u202f: au quand, o\u00f9 et pourquoi.<span data-ccp-props=\"{&quot;134233279&quot;:true,&quot;201341983&quot;:0,&quot;335551550&quot;:6,&quot;335551620&quot;:6,&quot;335559739&quot;:200,&quot;335559740&quot;:276}\">\u00a0<\/span><\/li>\r\n<\/ul>\r\n<p style=\"text-align: justify;\">En utilisant ces trois niveaux de connaissances, le formateur s\u2019adresse \u00e0 tous les <strong>sch\u00e9mas<\/strong> <strong>cognitifs<\/strong> possibles d\u2019un apprenant.\u00a0<span data-ccp-props=\"{&quot;134233279&quot;:true,&quot;201341983&quot;:0,&quot;335551550&quot;:6,&quot;335551620&quot;:6,&quot;335559685&quot;:720,&quot;335559739&quot;:200,&quot;335559740&quot;:276}\">\r\n<\/span><\/p>\r\n<p style=\"text-align: justify; font-size: 0.8em;\"><em>Article \u00e9crit \u00e0 partir du livre La boite \u00e0 outils du formateur @Editions d\u2019Organisation.\u00a0<\/em><\/p>\r\n<p style=\"text-align: justify;\"><a href=\"http:\/\/www.capitecorpus.com\/thematiques-formateur\/formation-de-formateur\" target=\"_blank\"><img class=\"alignnone size-full wp-image-1660\" src=\"https:\/\/www.capitecorpus.com\/blog\/wp-content\/uploads\/2017\/12\/cta_ffo.png\" alt=\"D\u00e9couvrir nos Formations de formateurs\" width=\"554\" height=\"46\" \/><\/a><\/p>","_et_gb_content_width":"","footnotes":""},"categories":[6],"tags":[],"class_list":["post-1657","post","type-post","status-publish","format-standard","has-post-thumbnail","hentry","category-dossier-thema","et-has-post-format-content","et_post_format-et-post-format-standard"],"views":4408,"_links":{"self":[{"href":"https:\/\/www.capitecorpus.com\/blog\/wp-json\/wp\/v2\/posts\/1657","targetHints":{"allow":["GET"]}}],"collection":[{"href":"https:\/\/www.capitecorpus.com\/blog\/wp-json\/wp\/v2\/posts"}],"about":[{"href":"https:\/\/www.capitecorpus.com\/blog\/wp-json\/wp\/v2\/types\/post"}],"author":[{"embeddable":true,"href":"https:\/\/www.capitecorpus.com\/blog\/wp-json\/wp\/v2\/users\/3"}],"replies":[{"embeddable":true,"href":"https:\/\/www.capitecorpus.com\/blog\/wp-json\/wp\/v2\/comments?post=1657"}],"version-history":[{"count":1,"href":"https:\/\/www.capitecorpus.com\/blog\/wp-json\/wp\/v2\/posts\/1657\/revisions"}],"predecessor-version":[{"id":3476,"href":"https:\/\/www.capitecorpus.com\/blog\/wp-json\/wp\/v2\/posts\/1657\/revisions\/3476"}],"wp:featuredmedia":[{"embeddable":true,"href":"https:\/\/www.capitecorpus.com\/blog\/wp-json\/wp\/v2\/media\/1665"}],"wp:attachment":[{"href":"https:\/\/www.capitecorpus.com\/blog\/wp-json\/wp\/v2\/media?parent=1657"}],"wp:term":[{"taxonomy":"category","embeddable":true,"href":"https:\/\/www.capitecorpus.com\/blog\/wp-json\/wp\/v2\/categories?post=1657"},{"taxonomy":"post_tag","embeddable":true,"href":"https:\/\/www.capitecorpus.com\/blog\/wp-json\/wp\/v2\/tags?post=1657"}],"curies":[{"name":"wp","href":"https:\/\/api.w.org\/{rel}","templated":true}]}}