{"id":1677,"date":"2018-01-17T11:22:08","date_gmt":"2018-01-17T10:22:08","guid":{"rendered":"https:\/\/www.capitecorpus.com\/blog\/?p=1677"},"modified":"2025-03-11T11:10:01","modified_gmt":"2025-03-11T10:10:01","slug":"importance-ressenti-identification-emotions","status":"publish","type":"post","link":"https:\/\/www.capitecorpus.com\/blog\/importance-ressenti-identification-emotions\/","title":{"rendered":"L&rsquo;importance du ressenti et de l&rsquo;identification de ses \u00e9motions pour r\u00e9agir de mani\u00e8re adapt\u00e9e \u00e0 l&rsquo;autre"},"content":{"rendered":"<p>[et_pb_section fb_built=\u00a0\u00bb1&Prime; _builder_version=\u00a0\u00bb4.16&Prime; global_colors_info=\u00a0\u00bb{}\u00a0\u00bb][et_pb_row _builder_version=\u00a0\u00bb4.24.2&Prime; background_size=\u00a0\u00bbinitial\u00a0\u00bb background_position=\u00a0\u00bbtop_left\u00a0\u00bb background_repeat=\u00a0\u00bbrepeat\u00a0\u00bb hover_enabled=\u00a0\u00bb0&Prime; global_colors_info=\u00a0\u00bb{}\u00a0\u00bb sticky_enabled=\u00a0\u00bb0&Prime;][et_pb_column type=\u00a0\u00bb4_4&Prime; _builder_version=\u00a0\u00bb4.16&Prime; custom_padding=\u00a0\u00bb|||\u00a0\u00bb global_colors_info=\u00a0\u00bb{}\u00a0\u00bb custom_padding__hover=\u00a0\u00bb|||\u00a0\u00bb][et_pb_text _builder_version=\u00a0\u00bb4.24.2&Prime; background_size=\u00a0\u00bbinitial\u00a0\u00bb background_position=\u00a0\u00bbtop_left\u00a0\u00bb background_repeat=\u00a0\u00bbrepeat\u00a0\u00bb hover_enabled=\u00a0\u00bb0&Prime; global_colors_info=\u00a0\u00bb{}\u00a0\u00bb sticky_enabled=\u00a0\u00bb0&Prime;]<\/p>\n<p style=\"text-align: justify;\">Les \u00e9motions ne sont pas forc\u00e9ment toujours reconnues dans le milieu professionnel. Certains pensent qu\u2019il vaut mieux \u00eatre uniquement rationnel dans son travail pour rester efficace. Pourtant, passer par la reconnaissance de ses sensations sert \u00e0 nous informer de ce qui se passe dans notre corps et \u00e0 les utiliser comme instruments d\u2019adaptation vis-\u00e0-vis de ses collaborateurs.<\/p>\n<p style=\"text-align: justify;\">Savoir accepter ses ressentis et comprendre l\u2019origine de nos \u00e9motions qui en d\u00e9coulent nous pr\u00e9parent \u00e0 accomplir certaines actions pr\u00e9f\u00e9rentiellement \u00e0 d\u2019autres et nous aident \u00e0 g\u00e9rer sereinement nos relations interpersonnelles au travail.<\/p>\n<h2 style=\"text-align: justify;\">L&rsquo;importance du ressenti<\/h2>\n<p style=\"text-align: justify;\">Pourquoi apprendre \u00e0 ressentir est-il si important\u00a0?<\/p>\n<p style=\"text-align: justify;\">Parce que nos sensations servent principalement \u00e0 nous informer <span style=\"color: #ff9849;\"><strong>de ce qui se passe dans notre corps<\/strong><\/span>. Comme quand nous marchons, naturellement, nous adaptons notre allure au sol, aux \u00e9ventuels obstacles autour de nous, \u00e0 notre \u00e9tat de fatigue pour adapter notre allure \u2026<\/p>\n<p style=\"text-align: jsutify;\">Nos ressentis nous livrent l\u2019\u00e9tat de notre corps et son adaptation \u00e0 ce qui l\u2019entoure, ils sont un signal interne face \u00e0 un \u00e9v\u00e8nement ou une situation.<\/p>\n<p style=\"text-align: justify;\">Le langage courant est d\u2019ailleurs rempli d\u2019expressions qui expriment, sans que nous nous en rendions compte, ce que nous ressentons\u00a0: \u00ab\u00a0j\u2019en ai plein le dos\u00a0\u00bb, \u00ab\u00a0j\u2019ai la gorge serr\u00e9e\u00a0\u00bb, \u00ab\u00a0c\u2019est lourd \u00e0 porter\u00a0\u00bb \u2026 Quel outil pr\u00e9cieux donc de savoir \u00e9couter nos sensations pour comprendre l\u2019impact de l\u2019ext\u00e9rieur sur nous-m\u00eame et r\u00e9agir en fonction de nos besoins, de ce que l\u2019on ressent \u00eatre juste ou pas.<\/p>\n<h2 style=\"text-align: justify;\">Reconna\u00eetre ses \u00e9motions<\/h2>\n<p style=\"text-align: justify;\">C\u2019est \u00e0 partir de nos sensations corporelles que se d\u00e9clenche une \u00e9motion. Si toute \u00e9motion est l\u00e9gitime, notre r\u00e9action instinctive ne l\u2019est pas forc\u00e9ment. C\u2019est justement en la reconnaissant et en analysant sa justesse que nous <span style=\"color: #ff9849;\"><strong>pourrons adapter notre comportement<\/strong><\/span> et \u00e9viter une r\u00e9action r\u00e9flexe dysfonctionnelle.<\/p>\n<p style=\"text-align: justify;\">Lorsque l\u2019on est en lien avec un coll\u00e8gue, il est utile de savoir si ce contact nous apporte de la s\u00e9r\u00e9nit\u00e9 ou plut\u00f4t un inconfort. Cela nous permettra de prioriser sa place dans notre groupe de travail et d\u2019adapter notre mani\u00e8re de travailler avec lui.<\/p>\n<p style=\"text-align: justify;\">Avoir conscience de ces \u00e9motions, c\u2019est aussi <span style=\"color: #ff9849;\"><strong>\u00e9viter de les transmettre \u00e0 ses collaborateurs<\/strong><\/span> si on estime qu\u2019elles ne sont pas productives ou au contraire <span style=\"color: #ff9849;\"><strong>les communiquer si elles sont vectrices<\/strong><\/span> de motivation ou d\u2019implication au sein d\u2019un groupe.<\/p>\n<p style=\"text-align: justify;\">Pour mieux les cat\u00e9goriser et les comprendre, les \u00e9motions se classent en fonction de quatre \u00e9motions primaires\u00a0:<\/p>\n<ul style=\"text-align: justify;\">\n<li>\n<h3><span style=\"color: #ff9849;\"><strong>La joie<\/strong><\/span><\/h3>\n<\/li>\n<\/ul>\n<p style=\"text-align: justify;\">Commen\u00e7ons par l\u2019expression de l\u2019\u00e9motion la plus positive\u00a0! Souvent d\u00e9laiss\u00e9e en milieu professionnel, elle sert pourtant \u00e0 nous guider vers les bonnes relations de travail.<\/p>\n<p style=\"text-align: justify;\">Elle est particuli\u00e8rement difficile \u00e0 exprimer pour un manager qui aura peur de se r\u00e9jouir de la r\u00e9ussite d\u2019un projet sans cr\u00e9er des jalousies internes ou qui craindra, s\u2019il f\u00e9licite l\u2019un de ses collaborateurs, de devoir g\u00e9rer une demande d&rsquo;\u00e9volution trop rapide ou de se voir imputer un diff\u00e9rentiel de traitement par rapport aux autres personnes de son \u00e9quipe.<\/p>\n<p style=\"text-align: justify;\">Pourtant un manager qui montre sa reconnaissance permet d\u2019instaurer un climat de confiance propice au bon d\u00e9veloppement de son \u00e9quipe. Tout est dans la nuance\u00a0!<\/p>\n<ul style=\"text-align: justify;\">\n<li>\n<h3><span style=\"color: #ff9849;\"><strong>La tristesse<\/strong><\/span><\/h3>\n<\/li>\n<\/ul>\n<p style=\"text-align: justify;\">Souvent d\u00e9crite comme l\u2019\u00e9motion qui isole, elle est assimil\u00e9e \u00e0 la sph\u00e8re priv\u00e9e et consid\u00e9r\u00e9e comme un aveu de faiblesse au travail. Elle aide pourtant, par exemple, \u00e0 se s\u00e9parer d\u2019un collaborateur (qui a annonc\u00e9 son d\u00e9part ou qui a fait l\u2019objet d\u2019une proc\u00e9dure de licenciement) et nous pr\u00e9pare \u00e0 former de nouveaux liens. Ne pas exprimer sa tristesse dans une situation humainement difficile risquerait de g\u00e9n\u00e9rer de l\u2019anxi\u00e9t\u00e9 au sein de votre \u00e9quipe. L\u2019exprimer de mani\u00e8re temporis\u00e9e, au contraire, donne une dimension humaine et accessible au manager qui s\u2019y ose.<\/p>\n<ul style=\"text-align: justify;\">\n<li>\n<h3><span style=\"color: #ff9849;\"><strong>La peur<\/strong><\/span><\/h3>\n<\/li>\n<\/ul>\n<p style=\"text-align: justify;\">La peur est l\u2019\u00e9motion qui, par d\u00e9finition, paralyse. D\u2019un c\u00f4t\u00e9 elle nous rend inapte \u00e0 affronter une situation difficile mais de l\u2019autre, elle permet d\u2019identifier un environnement n\u00e9faste pour soi et de s\u2019en \u00e9loigner. Elle se d\u00e9cline en trois cat\u00e9gories\u00a0: la peur d\u2019\u00eatre ignor\u00e9, la peur d\u2019\u00eatre humili\u00e9 et la peur d\u2019\u00eatre rejet\u00e9.<\/p>\n<p style=\"text-align: justify;\">Si elle n\u2019est pas analys\u00e9e et canalis\u00e9e, elle est cr\u00e9atrice de rigidit\u00e9 et peut engendrer un sur-contr\u00f4le de ses collaborateurs.<\/p>\n<p style=\"text-align: left;\">Derri\u00e8re la peur, se cache g\u00e9n\u00e9ralement une autre \u00e9motion\u00a0: la col\u00e8re.<\/p>\n<ul style=\"text-align: justify;\">\n<li>\n<h3><span style=\"color: #ff9849;\"><strong>La col\u00e8re<\/strong><\/span><\/h3>\n<\/li>\n<\/ul>\n<p style=\"text-align: justify;\">La col\u00e8re se manifeste par une expression de soi froide ou explosive. Si elle ne va pas jusqu\u2019\u00e0 l\u2019agressivit\u00e9, elle donne l\u2019\u00e9nergie pour agir et modifier des circonstances d\u00e9sagr\u00e9ables. Elle permet d\u2019identifier nos besoins de changement et offre la possibilit\u00e9 de faire \u00e9voluer les choses. Oser l\u2019\u00e9noncer clairement \u00e9vitera une r\u00e9action violente ou coupante avec ses coll\u00e8gues\u00a0!<\/p>\n<p style=\"text-align: justify;\">En apprenant \u00e0 reconna\u00eetre ses \u00e9motions, nous mettons en place des comportements plus efficaces pour r\u00e9pondre aux sollicitations de l\u2019ext\u00e9rieur. Nous enrichissons nos relations avec les autres et nous faisons des choix plus \u00e9clair\u00e9s par rapport \u00e0 nos priorit\u00e9s.<\/p>\n<p style=\"text-align: justify;\">\n<div style=\"border: 2px solid #ff9849; padding: 15px; text-align: justify;\">\n<h3 style=\"letter-spacing: -0.01em; text-align: justify;\">Les\u00a0avantages de la reconnaissance de ses \u00e9motions<\/h3>\n<ul>\n<li>Nous donner des clefs d&rsquo;information sur l&rsquo;effet que les \u00e9v\u00e9nements, les personnes et les situations ont sur nous et en faire des m\u00e9canismes d&rsquo;adaptation \u00e0 son environnement.<\/li>\n<li>Choisir des fa\u00e7ons d&rsquo;agir qui tiendront mieux compte de ce qui est important pour nous.<\/li>\n<li>Filtrer les \u00e9motions pour n&rsquo;apporter \u00e0 son groupe de travail que celles qui sont porteuses de motivation et d&rsquo;\u00e9changes productifs.<\/li>\n<\/ul>\n<\/div>\n<p>[\/et_pb_text][\/et_pb_column][\/et_pb_row][et_pb_row _builder_version=\u00a0\u00bb4.24.2&Prime; _module_preset=\u00a0\u00bbdefault\u00a0\u00bb][et_pb_column _builder_version=\u00a0\u00bb4.24.2&Prime; _module_preset=\u00a0\u00bbdefault\u00a0\u00bb type=\u00a0\u00bb4_4&Prime;][et_pb_button button_url=\u00a0\u00bbhttps:\/\/www.capitecorpus.com\/formation-management\/\u00a0\u00bb url_new_window=\u00a0\u00bbon\u00a0\u00bb button_text=\u00a0\u00bbD\u00e9couvrez nos formations en Management\u00a0\u00bb _builder_version=\u00a0\u00bb4.24.2&Prime; _module_preset=\u00a0\u00bbdefault\u00a0\u00bb custom_button=\u00a0\u00bbon\u00a0\u00bb button_text_size=\u00a0\u00bb17px\u00a0\u00bb button_text_color=\u00a0\u00bb#fd7c13&Prime; button_font=\u00a0\u00bb|600|||||||\u00a0\u00bb hover_enabled=\u00a0\u00bb0&Prime; locked=\u00a0\u00bboff\u00a0\u00bb global_colors_info=\u00a0\u00bb{}\u00a0\u00bb sticky_enabled=\u00a0\u00bb0&Prime;][\/et_pb_button][\/et_pb_column][\/et_pb_row][\/et_pb_section]<\/p>\n","protected":false},"excerpt":{"rendered":"<p>Les \u00e9motions ne sont pas forc\u00e9ment toujours reconnues dans le milieu professionnel. Certains pensent qu\u2019il vaut mieux \u00eatre uniquement rationnel dans son travail pour rester efficace. Pourtant, passer par la reconnaissance de ses sensations sert \u00e0 nous informer de ce qui se passe dans notre corps et \u00e0 les utiliser comme instruments d\u2019adaptation vis-\u00e0-vis de [&hellip;]<\/p>\n","protected":false},"author":3,"featured_media":3810,"comment_status":"open","ping_status":"open","sticky":false,"template":"","format":"standard","meta":{"_et_pb_use_builder":"on","_et_pb_old_content":"<p style=\"text-align: justify;\">Les \u00e9motions ne sont pas forc\u00e9ment toujours reconnues dans le milieu professionnel. Certains pensent qu\u2019il vaut mieux \u00eatre uniquement rationnel dans son travail pour rester efficace. Pourtant, passer par la reconnaissance de ses sensations sert \u00e0 nous informer de ce qui se passe dans notre corps et \u00e0 les utiliser comme instruments d\u2019adaptation vis-\u00e0-vis de ses collaborateurs.<\/p>\r\n<p style=\"text-align: justify;\">Savoir accepter ses ressentis et comprendre l\u2019origine de nos \u00e9motions qui en d\u00e9coulent nous pr\u00e9parent \u00e0 accomplir certaines actions pr\u00e9f\u00e9rentiellement \u00e0 d\u2019autres et nous aident \u00e0 g\u00e9rer sereinement nos relations interpersonnelles au travail.<\/p>\r\n\r\n<h2 style=\"text-align: justify;\">L'importance du ressenti<\/h2>\r\n<p style=\"text-align: justify;\">Pourquoi apprendre \u00e0 ressentir est-il si important\u00a0?<\/p>\r\n<p style=\"text-align: justify;\">Parce que nos sensations servent principalement \u00e0 nous informer <span style=\"color: #ff9849;\"><strong>de ce qui se passe dans notre corps<\/strong><\/span>. Comme quand nous marchons, naturellement, nous adaptons notre allure au sol, aux \u00e9ventuels obstacles autour de nous, \u00e0 notre \u00e9tat de fatigue pour adapter notre allure \u2026<\/p>\r\n<p style=\"text-align: jsutify;\">Nos ressentis nous livrent l\u2019\u00e9tat de notre corps et son adaptation \u00e0 ce qui l\u2019entoure, ils sont un signal interne face \u00e0 un \u00e9v\u00e8nement ou une situation.<\/p>\r\n<p style=\"text-align: justify;\">Le langage courant est d\u2019ailleurs rempli d\u2019expressions qui expriment, sans que nous nous en rendions compte, ce que nous ressentons\u00a0: \u00ab\u00a0j\u2019en ai plein le dos\u00a0\u00bb, \u00ab\u00a0j\u2019ai la gorge serr\u00e9e\u00a0\u00bb, \u00ab\u00a0c\u2019est lourd \u00e0 porter\u00a0\u00bb \u2026 Quel outil pr\u00e9cieux donc de savoir \u00e9couter nos sensations pour comprendre l\u2019impact de l\u2019ext\u00e9rieur sur nous-m\u00eame et r\u00e9agir en fonction de nos besoins, de ce que l\u2019on ressent \u00eatre juste ou pas.<\/p>\r\n\r\n<h2 style=\"text-align: justify;\">Reconna\u00eetre ses \u00e9motions<\/h2>\r\n<p style=\"text-align: justify;\">C\u2019est \u00e0 partir de nos sensations corporelles que se d\u00e9clenche une \u00e9motion. Si toute \u00e9motion est l\u00e9gitime, notre r\u00e9action instinctive ne l\u2019est pas forc\u00e9ment. C\u2019est justement en la reconnaissant et en analysant sa justesse que nous <span style=\"color: #ff9849;\"><strong>pourrons adapter notre comportement<\/strong><\/span> et \u00e9viter une r\u00e9action r\u00e9flexe dysfonctionnelle.<\/p>\r\n<p style=\"text-align: justify;\">Lorsque l\u2019on est en lien avec un coll\u00e8gue, il est utile de savoir si ce contact nous apporte de la s\u00e9r\u00e9nit\u00e9 ou plut\u00f4t un inconfort. Cela nous permettra de prioriser sa place dans notre groupe de travail et d\u2019adapter notre mani\u00e8re de travailler avec lui.<\/p>\r\n<p style=\"text-align: justify;\">Avoir conscience de ces \u00e9motions, c\u2019est aussi <span style=\"color: #ff9849;\"><strong>\u00e9viter de les transmettre \u00e0 ses collaborateurs<\/strong><\/span> si on estime qu\u2019elles ne sont pas productives ou au contraire <span style=\"color: #ff9849;\"><strong>les communiquer si elles sont vectrices<\/strong><\/span> de motivation ou d\u2019implication au sein d\u2019un groupe.<\/p>\r\n<p style=\"text-align: justify;\">Pour mieux les cat\u00e9goriser et les comprendre, les \u00e9motions se classent en fonction de quatre \u00e9motions primaires\u00a0:<\/p>\r\n\r\n<ul style=\"text-align: justify;\">\r\n \t<li>\r\n<h3><span style=\"color: #ff9849;\"><strong>La joie<\/strong><\/span><\/h3>\r\n<\/li>\r\n<\/ul>\r\n<p style=\"text-align: justify;\">Commen\u00e7ons par l\u2019expression de l\u2019\u00e9motion la plus positive\u00a0! Souvent d\u00e9laiss\u00e9e en milieu professionnel, elle sert pourtant \u00e0 nous guider vers les bonnes relations de travail.<\/p>\r\n<p style=\"text-align: justify;\">Elle est particuli\u00e8rement difficile \u00e0 exprimer pour un manager qui aura peur de se r\u00e9jouir de la r\u00e9ussite d\u2019un projet sans cr\u00e9er des jalousies internes ou qui craindra, s\u2019il f\u00e9licite l\u2019un de ses collaborateurs, de devoir g\u00e9rer une demande d'\u00e9volution trop rapide ou de se voir imputer un diff\u00e9rentiel de traitement par rapport aux autres personnes de son \u00e9quipe.<\/p>\r\n<p style=\"text-align: justify;\">Pourtant un manager qui montre sa reconnaissance permet d\u2019instaurer un climat de confiance propice au bon d\u00e9veloppement de son \u00e9quipe. Tout est dans la nuance\u00a0!<\/p>\r\n\r\n<ul style=\"text-align: justify;\">\r\n \t<li>\r\n<h3><span style=\"color: #ff9849;\"><strong>La tristesse<\/strong><\/span><\/h3>\r\n<\/li>\r\n<\/ul>\r\n<p style=\"text-align: justify;\">Souvent d\u00e9crite comme l\u2019\u00e9motion qui isole, elle est assimil\u00e9e \u00e0 la sph\u00e8re priv\u00e9e et consid\u00e9r\u00e9e comme un aveu de faiblesse au travail. Elle aide pourtant, par exemple, \u00e0 se s\u00e9parer d\u2019un collaborateur (qui a annonc\u00e9 son d\u00e9part ou qui a fait l\u2019objet d\u2019une proc\u00e9dure de licenciement) et nous pr\u00e9pare \u00e0 former de nouveaux liens. Ne pas exprimer sa tristesse dans une situation humainement difficile risquerait de g\u00e9n\u00e9rer de l\u2019anxi\u00e9t\u00e9 au sein de votre \u00e9quipe. L\u2019exprimer de mani\u00e8re temporis\u00e9e, au contraire, donne une dimension humaine et accessible au manager qui s\u2019y ose.<\/p>\r\n\r\n<ul style=\"text-align: justify;\">\r\n \t<li>\r\n<h3><span style=\"color: #ff9849;\"><strong>La peur<\/strong><\/span><\/h3>\r\n<\/li>\r\n<\/ul>\r\n<p style=\"text-align: justify;\">La peur est l\u2019\u00e9motion qui, par d\u00e9finition, paralyse. D\u2019un c\u00f4t\u00e9 elle nous rend inapte \u00e0 affronter une situation difficile mais de l\u2019autre, elle permet d\u2019identifier un environnement n\u00e9faste pour soi et de s\u2019en \u00e9loigner. Elle se d\u00e9cline en trois cat\u00e9gories\u00a0: la peur d\u2019\u00eatre ignor\u00e9, la peur d\u2019\u00eatre humili\u00e9 et la peur d\u2019\u00eatre rejet\u00e9.<\/p>\r\n<p style=\"text-align: justify;\">Si elle n\u2019est pas analys\u00e9e et canalis\u00e9e, elle est cr\u00e9atrice de rigidit\u00e9 et peut engendrer un sur-contr\u00f4le de ses collaborateurs.<\/p>\r\n<p style=\"text-align: left;\">Derri\u00e8re la peur, se cache g\u00e9n\u00e9ralement une autre \u00e9motion\u00a0: la col\u00e8re.<\/p>\r\n\r\n<ul style=\"text-align: justify;\">\r\n \t<li>\r\n<h3><span style=\"color: #ff9849;\"><strong>La col\u00e8re<\/strong><\/span><\/h3>\r\n<\/li>\r\n<\/ul>\r\n<p style=\"text-align: justify;\">La col\u00e8re se manifeste par une expression de soi froide ou explosive. Si elle ne va pas jusqu\u2019\u00e0 l\u2019agressivit\u00e9, elle donne l\u2019\u00e9nergie pour agir et modifier des circonstances d\u00e9sagr\u00e9ables. Elle permet d\u2019identifier nos besoins de changement et offre la possibilit\u00e9 de faire \u00e9voluer les choses. Oser l\u2019\u00e9noncer clairement \u00e9vitera une r\u00e9action violente ou coupante avec ses coll\u00e8gues\u00a0!<\/p>\r\n<p style=\"text-align: justify;\">En apprenant \u00e0 reconna\u00eetre ses \u00e9motions, nous mettons en place des comportements plus efficaces pour r\u00e9pondre aux sollicitations de l\u2019ext\u00e9rieur. Nous enrichissons nos relations avec les autres et nous faisons des choix plus \u00e9clair\u00e9s par rapport \u00e0 nos priorit\u00e9s.<\/p>\r\n\r\n<div style=\"border: 2px solid #ff9849; padding: 15px; text-align: justify;\">\r\n<h3 style=\"letter-spacing: -0.01em; text-align: justify;\">Les\u00a0avantages de la reconnaissance de ses \u00e9motions<\/h3>\r\n<ul>\r\n \t<li>Nous donner des clefs d'information sur l'effet que les \u00e9v\u00e9nements, les personnes et les situations ont sur nous et en faire des m\u00e9canismes d'adaptation \u00e0 son environnement.<\/li>\r\n \t<li>Choisir des fa\u00e7ons d'agir qui tiendront mieux compte de ce qui est important pour nous.<\/li>\r\n \t<li>Filtrer les \u00e9motions pour n'apporter \u00e0 son groupe de travail que celles qui sont porteuses de motivation et d'\u00e9changes productifs.<\/li>\r\n<\/ul>\r\n<\/div>\r\n<a href=\"http:\/\/www.capitecorpus.com\/formation-management\" target=\"_blank\" rel=\"noopener\"><img class=\"alignnone size-full wp-image-1108 alignleft\" src=\"https:\/\/www.capitecorpus.com\/blog\/wp-content\/uploads\/2016\/04\/bouton-cta-management-gros.png\" alt=\"Cliquez pour d\u00e9couvrir nos formations en Management\" width=\"554\" height=\"46\" \/><\/a>","_et_gb_content_width":"","footnotes":""},"categories":[3],"tags":[],"class_list":["post-1677","post","type-post","status-publish","format-standard","has-post-thumbnail","hentry","category-boite-a-outils","et-has-post-format-content","et_post_format-et-post-format-standard"],"views":5645,"_links":{"self":[{"href":"https:\/\/www.capitecorpus.com\/blog\/wp-json\/wp\/v2\/posts\/1677","targetHints":{"allow":["GET"]}}],"collection":[{"href":"https:\/\/www.capitecorpus.com\/blog\/wp-json\/wp\/v2\/posts"}],"about":[{"href":"https:\/\/www.capitecorpus.com\/blog\/wp-json\/wp\/v2\/types\/post"}],"author":[{"embeddable":true,"href":"https:\/\/www.capitecorpus.com\/blog\/wp-json\/wp\/v2\/users\/3"}],"replies":[{"embeddable":true,"href":"https:\/\/www.capitecorpus.com\/blog\/wp-json\/wp\/v2\/comments?post=1677"}],"version-history":[{"count":3,"href":"https:\/\/www.capitecorpus.com\/blog\/wp-json\/wp\/v2\/posts\/1677\/revisions"}],"predecessor-version":[{"id":3813,"href":"https:\/\/www.capitecorpus.com\/blog\/wp-json\/wp\/v2\/posts\/1677\/revisions\/3813"}],"wp:featuredmedia":[{"embeddable":true,"href":"https:\/\/www.capitecorpus.com\/blog\/wp-json\/wp\/v2\/media\/3810"}],"wp:attachment":[{"href":"https:\/\/www.capitecorpus.com\/blog\/wp-json\/wp\/v2\/media?parent=1677"}],"wp:term":[{"taxonomy":"category","embeddable":true,"href":"https:\/\/www.capitecorpus.com\/blog\/wp-json\/wp\/v2\/categories?post=1677"},{"taxonomy":"post_tag","embeddable":true,"href":"https:\/\/www.capitecorpus.com\/blog\/wp-json\/wp\/v2\/tags?post=1677"}],"curies":[{"name":"wp","href":"https:\/\/api.w.org\/{rel}","templated":true}]}}