{"id":1818,"date":"2018-04-25T15:31:01","date_gmt":"2018-04-25T14:31:01","guid":{"rendered":"https:\/\/www.capitecorpus.com\/blog\/?p=1818"},"modified":"2026-01-13T15:04:04","modified_gmt":"2026-01-13T14:04:04","slug":"formation-individuelle-interet-bonnes-pratiques","status":"publish","type":"post","link":"https:\/\/www.capitecorpus.com\/blog\/formation-individuelle-interet-bonnes-pratiques\/","title":{"rendered":"Formation individuelle : int\u00e9r\u00eat et bonnes pratiques !"},"content":{"rendered":"<p>[et_pb_section fb_built=\u00a0\u00bb1&Prime; admin_label=\u00a0\u00bbsection\u00a0\u00bb _builder_version=\u00a0\u00bb4.16&Prime; global_colors_info=\u00a0\u00bb{}\u00a0\u00bb][et_pb_row admin_label=\u00a0\u00bbrow\u00a0\u00bb _builder_version=\u00a0\u00bb4.16&Prime; background_size=\u00a0\u00bbinitial\u00a0\u00bb background_position=\u00a0\u00bbtop_left\u00a0\u00bb background_repeat=\u00a0\u00bbrepeat\u00a0\u00bb global_colors_info=\u00a0\u00bb{}\u00a0\u00bb][et_pb_column type=\u00a0\u00bb4_4&Prime; _builder_version=\u00a0\u00bb4.16&Prime; custom_padding=\u00a0\u00bb|||\u00a0\u00bb global_colors_info=\u00a0\u00bb{}\u00a0\u00bb custom_padding__hover=\u00a0\u00bb|||\u00a0\u00bb][et_pb_text admin_label=\u00a0\u00bbText\u00a0\u00bb _builder_version=\u00a0\u00bb4.27.4&Prime; background_size=\u00a0\u00bbinitial\u00a0\u00bb background_position=\u00a0\u00bbtop_left\u00a0\u00bb background_repeat=\u00a0\u00bbrepeat\u00a0\u00bb hover_enabled=\u00a0\u00bb0&Prime; global_colors_info=\u00a0\u00bb{}\u00a0\u00bb sticky_enabled=\u00a0\u00bb0&Prime;]<\/p>\n<p style=\"text-align: justify;\">Les <strong><a href=\"http:\/\/www.capitecorpus.com\/\" target=\"_blank\" rel=\"noopener\">formations professionnelles<\/a><\/strong>\u00a0en pr\u00e9sentiel peuvent se d\u00e9cliner de deux mani\u00e8res\u00a0: en groupe ou en individuel. Les deux formules pr\u00e9sentent des avantages diff\u00e9rents. Capite Corpus s\u2019int\u00e9resse aujourd\u2019hui aux modalit\u00e9s d\u2019une formation personnalis\u00e9e \u00e0 une individualit\u00e9 dans son cadre professionnel concret. D\u00e9finition, int\u00e9r\u00eats, diff\u00e9rence avec les formations de groupe ou le coaching et mode d\u2019organisation, on vous dit tout\u00a0ici\u00a0:<\/p>\n<h2 style=\"text-align: justify;\">D\u00e9finition<\/h2>\n<p style=\"text-align: justify;\">La formation individuelle est un a<strong>ccompagnement personnalis\u00e9 qui allie des apports th\u00e9oriques \u00e0 des exercices pratiques en lien avec la situation professionnelle<\/strong> de l\u2019apprenant.\u00a0Le format place la personne \u00e0 former seule en t\u00eate \u00e0 t\u00eate avec son formateur. Celui-ci s\u2019adapte \u00e0 la personnalit\u00e9 et aux enjeux de la personne qu\u2019il a en face de lui et lui apporte un feedback personnalis\u00e9 \u00e0 ses probl\u00e9matiques de poste.<\/p>\n<p style=\"text-align: justify;\">Si la<strong><a href=\"http:\/\/www.capitecorpus.com\/pedagogie\/modes-intervention\" target=\"_blank\" rel=\"noopener\"> formation collective<\/a><\/strong>\u00a0utilise le groupe et l\u2019interaction comme support d\u2019acquisition de nouvelles comp\u00e9tences, la <strong>formation individuelle <\/strong>va capitaliser sur l\u2019expression de <strong>probl\u00e9matiques personnelles et leur r\u00e9solution<\/strong>. Elle est \u00e9galement plus cibl\u00e9e sur un <strong>besoin sp\u00e9cifique <\/strong>qu\u2019un coaching qui lui permettra un travail global sur un mode de fonctionnement et des comportements.<\/p>\n<h2 style=\"text-align: justify;\">Les bonnes pratiques du <strong><a href=\"http:\/\/www.capitecorpus.com\/pedagogie\/equipe\" target=\"_blank\" rel=\"noopener\">formateur<\/a><\/strong><\/h2>\n<p style=\"text-align: justify;\">L\u2019apprentissage passe par certaines \u00e9tapes clefs. Pour accompagner au mieux un apprenant dans un groupe ou en individuel tout en respectant son rythme personnel, Capite Corpus a mis en place un sch\u00e9ma d\u2019apprentissage vertueux, organis\u00e9 autour de diff\u00e9rentes phases\u00a0:<strong>\u00a0<\/strong><\/p>\n<h3 style=\"text-align: justify;\"><strong>La pr\u00e9paration <\/strong><\/h3>\n<p style=\"text-align: justify;\"><u>Objectif<\/u>\u00a0: \u00eatre pr\u00eat et faire en sorte que tout fonctionne.<\/p>\n<p style=\"text-align: justify;\">Cette premi\u00e8re \u00e9tape consiste \u00e0 anticiper tous les besoins li\u00e9s \u00e0 la formation, qu\u2019ils soient mat\u00e9riels\u00a0: documents, classeurs, salle r\u00e9serv\u00e9e, \u2026 ou mentaux et physiques\u00a0: repos avant et pendant les jours de formation, bien-\u00eatre physique selon ses propres habitudes \u2026<\/p>\n<p style=\"text-align: justify;\">En pr\u00e9parant le mat\u00e9riel et en se pr\u00e9parant soi, le formateur fait en sorte que le temps de la formation soit enti\u00e8rement d\u00e9di\u00e9 au suivi de l\u2019apprenant.<strong>\u00a0<\/strong><\/p>\n<h3 style=\"text-align: justify;\"><strong>L\u2019accueil <\/strong><\/h3>\n<p style=\"text-align: justify;\"><u>Objectif<\/u>\u00a0: mettre en place un climat de confiance propice \u00e0 la bonne assimilation des informations.<\/p>\n<p style=\"text-align: justify;\">Comme d\u00e9j\u00e0 \u00e9voqu\u00e9 plusieurs fois sur ce blog, les premi\u00e8res minutes d\u2019une rencontre sont essentielles et conditionnent la suite de la relation. En adoptant une attitude bienveillante et ouverte, le formateur amenuise les craintes possibles de la personne \u00e0 former. Cette phase-l\u00e0 est primordiale dans le cadre d\u2019une <strong><a href=\"http:\/\/www.capitecorpus.com\/pedagogie\/mission\" target=\"_blank\" rel=\"noopener\">formation individuelle<\/a> <\/strong>pendant laquelle la relation formateur\/apprenant sera le socle de l\u2019acquisition de nouvelles comp\u00e9tences.<\/p>\n<h3 style=\"text-align: justify;\"><strong>La pr\u00e9sentation<\/strong><\/h3>\n<p style=\"text-align: justify;\"><u>Objectif<\/u>\u00a0: cadrer l\u2019essentiel de la formation, donner les objectifs, favoriser un \u00e9tat d\u2019esprit constructif.<\/p>\n<p style=\"text-align: justify;\">Le formateur doit imp\u00e9rativement faire preuve de clart\u00e9 afin de rassurer l\u2019apprenant et lui donner une vision repr\u00e9sentative de sa formation. Le choix des mots dans cette \u00e9tape est important, ceux-ci permettant de rendre factuel et accessible le d\u00e9roul\u00e9 du travail d\u2019apprentissage qu\u2019il va faire.<\/p>\n<h3 style=\"text-align: justify;\"><strong>Le lancement du travail<\/strong><\/h3>\n<p style=\"text-align: justify;\"><u>Objectif<\/u>\u00a0: mettre tout en \u0153uvre pour que le stagiaire avance vers son objectif.<\/p>\n<p style=\"text-align: justify;\">Cette phase se concentre autour de deux temps\u00a0: l\u2019activit\u00e9 heuristique et l\u2019activit\u00e9 d\u00e9monstrative. Dans le premier, il s\u2019agit de permettre \u00e0 l\u2019apprenant de prendre conscience de ce qu\u2019il sait et ne sait pas. Le deuxi\u00e8me temps l\u2019expose \u00e0 sa capacit\u00e9 \u00e0 acqu\u00e9rir de nouvelles connaissances par la lecture, le visionnage, l\u2019\u00e9coute ou la prise de notes.<\/p>\n<h3 style=\"text-align: justify;\"><strong>La pratique<\/strong><\/h3>\n<p style=\"text-align: justify;\"><u>Objectif<\/u>\u00a0: l\u2019int\u00e9gration des comp\u00e9tences\u00a0!<\/p>\n<p style=\"text-align: justify;\">Gr\u00e2ce \u00e0 des outils comme le cas pratique, l\u2019utilisation de mat\u00e9riel, des simulations avec le formateur qui se met dans un \u00ab\u00a0r\u00f4le\u00a0\u00bb dans le cadre d&rsquo;une formation individuelle, l&rsquo;utilisation de la vid\u00e9o pour l&rsquo;effet miroir \u2026. l\u2019apprenant assimile les capacit\u00e9s enseign\u00e9es dans la phase d\u2019avant. Il s\u2019entraine et met en place ce que le formateur lui a inculqu\u00e9 de mani\u00e8re th\u00e9orique. C\u2019est le moment o\u00f9 le formateur doit \u00eatre en observation, r\u00e9expliquer, reformuler et recentrer, voire \u00e9pauler le participant s\u2019il est en difficult\u00e9.<\/p>\n<h3 style=\"text-align: justify;\"><strong>Le d\u00e9brief<\/strong><\/h3>\n<p style=\"text-align: justify;\"><u>Objectif<\/u>\u00a0: faire exprimer le stagiaire sur l\u2019exp\u00e9rience v\u00e9cue.<\/p>\n<p style=\"text-align: justify;\">Dans cette \u00e9tape essentielle, il s\u2019agit de le faire s&rsquo;exprimer afin que l\u2019apprenant puisse verbaliser son degr\u00e9 de satisfaction et ses ressentis. Le formateur doit se positionner dans l\u2019\u00e9coute sans \u00e9mettre de jugement.<\/p>\n<h3 style=\"text-align: justify;\"><strong>La consolidation <\/strong><\/h3>\n<p style=\"text-align: justify;\"><u>Objectif\u00a0<\/u>: permettre au participant d\u2019int\u00e9grer \u00e0 sa mani\u00e8re le contenu de la formation.<\/p>\n<p style=\"text-align: justify;\">C\u2019est le moment o\u00f9 il est temps de poser des questions de v\u00e9rification et de faire un test de connaissances. C\u2019est une phase incontournable de l\u2019assimilation qui permet de boucler ce qui vient d\u2019\u00eatre v\u00e9cu et de pr\u00e9parer le stagiaire \u00e0 l\u2019int\u00e9gration des comp\u00e9tences acquises dans son quotidien professionnel.<\/p>\n<h3 style=\"text-align: justify;\"><strong>La conclusion <\/strong><\/h3>\n<p style=\"text-align: justify;\"><u>Objectif<\/u>\u00a0: v\u00e9rifier l\u2019ad\u00e9quation entre les objectifs pr\u00e9alablement identifi\u00e9s et la formation effectu\u00e9e.<\/p>\n<p style=\"text-align: justify;\">La conclusion est l\u2019occasion d\u2019un dernier feed-back. Un temps de r\u00e9flexion sur l\u2019\u00e9valuation personnelle, l\u2019implication du stagiaire et la mani\u00e8re dont il imagine int\u00e9grer ce qu\u2019il a appris dans ses futures t\u00e2ches sous la forme d\u2019actions concr\u00e8tes. C\u2019est un moment important aussi bien pour le formateur que pour l\u2019apprenant.<\/p>\n<div style=\"border: 2px solid #3fc16f; padding: 15px;\">\n<h3 style=\"letter-spacing: -0.01em; text-align: justify;\">Les avantages\u00a0de la <strong><a href=\"http:\/\/www.capitecorpus.com\/formation-efficacite-relationnelle\" target=\"_blank\" rel=\"noopener\">formation individuelle<\/a><\/strong><\/h3>\n<p style=\"text-align: justify;\">Pour l&rsquo;apprenant :<\/p>\n<ul style=\"text-align: justify;\">\n<li style=\"text-align: justify;\">S&rsquo;inscrire \u00e0 une formation d\u00e8s qu&rsquo;il en a besoin (sans \u00eatre d\u00e9pendant d&rsquo;un planning de groupe).<\/li>\n<li style=\"text-align: justify;\">La confidentialit\u00e9 li\u00e9e aux modalit\u00e9s de la formation individuelle permet d&rsquo;aller en profondeur dans ses propres objectifs et d&rsquo;avoir un feedback personnalis\u00e9 du formateur<\/li>\n<li style=\"text-align: justify;\">La formation en individuel peut \u00eatre l&rsquo;amorce d&rsquo;un trajet de coaching plus complet.<\/li>\n<\/ul>\n<p style=\"text-align: justify;\">Pour le formateur :<\/p>\n<ul>\n<li style=\"text-align: justify;\">Utiliser ce sch\u00e9ma type permet au formateur de savoir en permanence o\u00f9 il en est dans son processus et d&rsquo;\u00e9valuer l&rsquo;apprenant au fur et \u00e0 mesure.<\/li>\n<\/ul>\n<\/div>\n<p>&nbsp;<\/p>\n<h4>Les formations Capite Corpus sont accessibles en individuel :<\/h4>\n<p><img loading=\"lazy\" decoding=\"async\" class=\"wp-image-1824 alignleft\" src=\"https:\/\/www.capitecorpus.com\/blog\/wp-content\/uploads\/2018\/04\/Puce_orange.png\" alt=\"\" width=\"15\" height=\"15\" srcset=\"https:\/\/www.capitecorpus.com\/blog\/wp-content\/uploads\/2018\/04\/Puce_orange.png 468w, https:\/\/www.capitecorpus.com\/blog\/wp-content\/uploads\/2018\/04\/Puce_orange-150x150.png 150w, https:\/\/www.capitecorpus.com\/blog\/wp-content\/uploads\/2018\/04\/Puce_orange-300x300.png 300w, https:\/\/www.capitecorpus.com\/blog\/wp-content\/uploads\/2018\/04\/Puce_orange-356x364.png 356w, https:\/\/www.capitecorpus.com\/blog\/wp-content\/uploads\/2018\/04\/Puce_orange-420x420.png 420w\" sizes=\"(max-width: 15px) 100vw, 15px\" \/><a href=\"http:\/\/www.capitecorpus.com\/formation-management\" target=\"_blank\" rel=\"noopener\"><span style=\"color: #fb7c2a;\"><strong>en management<\/strong><\/span><\/a><\/p>\n<p><a href=\"https:\/\/www.capitecorpus.com\/blog\/wp-content\/uploads\/2018\/04\/Puce_jaune-pleine.png\"><img loading=\"lazy\" decoding=\"async\" class=\"wp-image-1829 alignleft\" src=\"https:\/\/www.capitecorpus.com\/blog\/wp-content\/uploads\/2018\/04\/Puce_jaune-pleine.png\" alt=\"\" width=\"15\" height=\"15\" srcset=\"https:\/\/www.capitecorpus.com\/blog\/wp-content\/uploads\/2018\/04\/Puce_jaune-pleine.png 468w, https:\/\/www.capitecorpus.com\/blog\/wp-content\/uploads\/2018\/04\/Puce_jaune-pleine-150x150.png 150w, https:\/\/www.capitecorpus.com\/blog\/wp-content\/uploads\/2018\/04\/Puce_jaune-pleine-300x300.png 300w, https:\/\/www.capitecorpus.com\/blog\/wp-content\/uploads\/2018\/04\/Puce_jaune-pleine-356x364.png 356w, https:\/\/www.capitecorpus.com\/blog\/wp-content\/uploads\/2018\/04\/Puce_jaune-pleine-420x420.png 420w\" sizes=\"(max-width: 15px) 100vw, 15px\" \/><\/a><span style=\"color: #e9b061;\"><strong><a style=\"color: #e9b061;\" href=\"http:\/\/www.capitecorpus.com\/formation-relation-client\" target=\"_blank\" rel=\"noopener\">en relation client \/ efficacit\u00e9 commerciale<\/a><\/strong><\/span><\/p>\n<p><img loading=\"lazy\" decoding=\"async\" class=\"wp-image-1830 alignleft\" src=\"https:\/\/www.capitecorpus.com\/blog\/wp-content\/uploads\/2018\/04\/Puce_rouge-pleine.png\" alt=\"\" width=\"15\" height=\"15\" srcset=\"https:\/\/www.capitecorpus.com\/blog\/wp-content\/uploads\/2018\/04\/Puce_rouge-pleine.png 468w, https:\/\/www.capitecorpus.com\/blog\/wp-content\/uploads\/2018\/04\/Puce_rouge-pleine-150x150.png 150w, https:\/\/www.capitecorpus.com\/blog\/wp-content\/uploads\/2018\/04\/Puce_rouge-pleine-300x300.png 300w, https:\/\/www.capitecorpus.com\/blog\/wp-content\/uploads\/2018\/04\/Puce_rouge-pleine-356x364.png 356w, https:\/\/www.capitecorpus.com\/blog\/wp-content\/uploads\/2018\/04\/Puce_rouge-pleine-420x420.png 420w\" sizes=\"(max-width: 15px) 100vw, 15px\" \/><a href=\"http:\/\/www.capitecorpus.com\/formation-efficacite-relationnelle\" target=\"_blank\" rel=\"noopener\"><span style=\"color: #d93032;\"><strong>en communication \/ soft skills<\/strong><\/span><\/a><\/p>\n<p>[\/et_pb_text][\/et_pb_column][\/et_pb_row][\/et_pb_section]<\/p>\n","protected":false},"excerpt":{"rendered":"<p>Les formations professionnelles\u00a0en pr\u00e9sentiel peuvent se d\u00e9cliner de deux mani\u00e8res\u00a0: en groupe ou en individuel. Les deux formules pr\u00e9sentent des avantages diff\u00e9rents. Capite Corpus s\u2019int\u00e9resse aujourd\u2019hui aux modalit\u00e9s d\u2019une formation personnalis\u00e9e \u00e0 une individualit\u00e9 dans son cadre professionnel concret. D\u00e9finition, int\u00e9r\u00eats, diff\u00e9rence avec les formations de groupe ou le coaching et mode d\u2019organisation, on vous [&hellip;]<\/p>\n","protected":false},"author":3,"featured_media":1826,"comment_status":"open","ping_status":"open","sticky":false,"template":"","format":"standard","meta":{"_et_pb_use_builder":"on","_et_pb_old_content":"<p style=\"text-align: justify;\">Les <strong><a href=\"http:\/\/www.capitecorpus.com\/\" target=\"_blank\">formations professionnelles<\/a><\/strong>\u00a0en pr\u00e9sentiel peuvent se d\u00e9cliner de deux mani\u00e8res\u00a0: en groupe ou en individuel. Les deux formules pr\u00e9sentent des avantages diff\u00e9rents. Capite Corpus s\u2019int\u00e9resse aujourd\u2019hui aux modalit\u00e9s d\u2019une formation personnalis\u00e9e \u00e0 une individualit\u00e9 dans son cadre professionnel concret. D\u00e9finition, int\u00e9r\u00eats, diff\u00e9rence avec les formations de groupe ou le coaching et mode d\u2019organisation, on vous dit tout\u00a0ici\u00a0:<\/p>\r\n\r\n<h2 style=\"text-align: justify;\">D\u00e9finition<\/h2>\r\n<p style=\"text-align: justify;\">La formation individuelle est un a<strong>ccompagnement personnalis\u00e9 qui allie des apports th\u00e9oriques \u00e0 des exercices pratiques en lien avec la situation professionnelle<\/strong> de l\u2019apprenant.\u00a0Le format place la personne \u00e0 former seule en t\u00eate \u00e0 t\u00eate avec son formateur. Celui-ci s\u2019adapte \u00e0 la personnalit\u00e9 et aux enjeux de la personne qu\u2019il a en face de lui et lui apporte un feedback personnalis\u00e9 \u00e0 ses probl\u00e9matiques de poste.<\/p>\r\n<p style=\"text-align: justify;\">Si la<strong><a href=\"http:\/\/www.capitecorpus.com\/pedagogie\/modes-intervention\" target=\"_blank\"> formation collective<\/a><\/strong>\u00a0utilise le groupe et l\u2019interaction comme support d\u2019acquisition de nouvelles comp\u00e9tences, la <strong>formation individuelle <\/strong>va capitaliser sur l\u2019expression de <strong>probl\u00e9matiques personnelles et leur r\u00e9solution<\/strong>. Elle est \u00e9galement plus cibl\u00e9e sur un <strong>besoin sp\u00e9cifique <\/strong>qu\u2019un coaching qui lui permettra un travail global sur un mode de fonctionnement et des comportements.<\/p>\r\n\r\n<h2 style=\"text-align: justify;\">Les bonnes pratiques du <strong><a href=\"http:\/\/www.capitecorpus.com\/pedagogie\/equipe\" target=\"_blank\">formateur<\/a><\/strong><\/h2>\r\n<p style=\"text-align: justify;\">L\u2019apprentissage passe par certaines \u00e9tapes clefs. Pour accompagner au mieux un apprenant dans un groupe ou en individuel tout en respectant son rythme personnel, Capite Corpus a mis en place un sch\u00e9ma d\u2019apprentissage vertueux, organis\u00e9 autour de diff\u00e9rentes phases\u00a0:<strong>\u00a0<\/strong><\/p>\r\n\r\n<h3 style=\"text-align: justify;\"><strong>La pr\u00e9paration <\/strong><\/h3>\r\n<p style=\"text-align: justify;\"><u>Objectif<\/u>\u00a0: \u00eatre pr\u00eat et faire en sorte que tout fonctionne.<\/p>\r\n<p style=\"text-align: justify;\">Cette premi\u00e8re \u00e9tape consiste \u00e0 anticiper tous les besoins li\u00e9s \u00e0 la formation, qu\u2019ils soient mat\u00e9riels\u00a0: documents, classeurs, salle r\u00e9serv\u00e9e, \u2026 ou mentaux et physiques\u00a0: repos avant et pendant les jours de formation, bien-\u00eatre physique selon ses propres habitudes \u2026<\/p>\r\n<p style=\"text-align: justify;\">En pr\u00e9parant le mat\u00e9riel et en se pr\u00e9parant soi, le formateur fait en sorte que le temps de la formation soit enti\u00e8rement d\u00e9di\u00e9 au suivi de l\u2019apprenant.<strong>\u00a0<\/strong><\/p>\r\n\r\n<h3 style=\"text-align: justify;\"><strong>L\u2019accueil <\/strong><\/h3>\r\n<p style=\"text-align: justify;\"><u>Objectif<\/u>\u00a0: mettre en place un climat de confiance propice \u00e0 la bonne assimilation des informations.<\/p>\r\n<p style=\"text-align: justify;\">Comme d\u00e9j\u00e0 \u00e9voqu\u00e9 plusieurs fois sur ce blog, les premi\u00e8res minutes d\u2019une rencontre sont essentielles et conditionnent la suite de la relation. En adoptant une attitude bienveillante et ouverte, le formateur amenuise les craintes possibles de la personne \u00e0 former. Cette phase-l\u00e0 est primordiale dans le cadre d\u2019une <strong><a href=\"http:\/\/www.capitecorpus.com\/pedagogie\/mission\" target=\"_blank\">formation individuelle<\/a> <\/strong>pendant laquelle la relation formateur\/apprenant sera le socle de l\u2019acquisition de nouvelles comp\u00e9tences.<\/p>\r\n\r\n<h3 style=\"text-align: justify;\"><strong>La pr\u00e9sentation<\/strong><\/h3>\r\n<p style=\"text-align: justify;\"><u>Objectif<\/u>\u00a0: cadrer l\u2019essentiel de la formation, donner les objectifs, favoriser un \u00e9tat d\u2019esprit constructif.<\/p>\r\n<p style=\"text-align: justify;\">Le formateur doit imp\u00e9rativement faire preuve de clart\u00e9 afin de rassurer l\u2019apprenant et lui donner une vision repr\u00e9sentative de sa formation. Le choix des mots dans cette \u00e9tape est important, ceux-ci permettant de rendre factuel et accessible le d\u00e9roul\u00e9 du travail d\u2019apprentissage qu\u2019il va faire.<\/p>\r\n\r\n<h3 style=\"text-align: justify;\"><strong>Le lancement du travail<\/strong><\/h3>\r\n<p style=\"text-align: justify;\"><u>Objectif<\/u>\u00a0: mettre tout en \u0153uvre pour que le stagiaire avance vers son objectif.<\/p>\r\n<p style=\"text-align: justify;\">Cette phase se concentre autour de deux temps\u00a0: l\u2019activit\u00e9 heuristique et l\u2019activit\u00e9 d\u00e9monstrative. Dans le premier, il s\u2019agit de permettre \u00e0 l\u2019apprenant de prendre conscience de ce qu\u2019il sait et ne sait pas. Le deuxi\u00e8me temps l\u2019expose \u00e0 sa capacit\u00e9 \u00e0 acqu\u00e9rir de nouvelles connaissances par la lecture, le visionnage, l\u2019\u00e9coute ou la prise de notes.<\/p>\r\n\r\n<h3 style=\"text-align: justify;\"><strong>La pratique<\/strong><\/h3>\r\n<p style=\"text-align: justify;\"><u>Objectif<\/u>\u00a0: l\u2019int\u00e9gration des comp\u00e9tences\u00a0!<\/p>\r\n<p style=\"text-align: justify;\">Gr\u00e2ce \u00e0 des outils comme le cas pratique, l\u2019utilisation de mat\u00e9riel, des simulations avec le formateur qui se met dans un \"r\u00f4le\" dans le cadre d'une formation individuelle, l'utilisation de la vid\u00e9o pour l'effet miroir \u2026. l\u2019apprenant assimile les capacit\u00e9s enseign\u00e9es dans la phase d\u2019avant. Il s\u2019entraine et met en place ce que le formateur lui a inculqu\u00e9 de mani\u00e8re th\u00e9orique. C\u2019est le moment o\u00f9 le formateur doit \u00eatre en observation, r\u00e9expliquer, reformuler et recentrer, voire \u00e9pauler le participant s\u2019il est en difficult\u00e9.<\/p>\r\n\r\n<h3 style=\"text-align: justify;\"><strong>Le d\u00e9brief<\/strong><\/h3>\r\n<p style=\"text-align: justify;\"><u>Objectif<\/u>\u00a0: faire exprimer le stagiaire sur l\u2019exp\u00e9rience v\u00e9cue.<\/p>\r\n<p style=\"text-align: justify;\">Dans cette \u00e9tape essentielle, il s\u2019agit de le faire s'exprimer afin que l\u2019apprenant puisse verbaliser son degr\u00e9 de satisfaction et ses ressentis. Le formateur doit se positionner dans l\u2019\u00e9coute sans \u00e9mettre de jugement.<\/p>\r\n\r\n<h3 style=\"text-align: justify;\"><strong>La consolidation <\/strong><\/h3>\r\n<p style=\"text-align: justify;\"><u>Objectif\u00a0<\/u>: permettre au participant d\u2019int\u00e9grer \u00e0 sa mani\u00e8re le contenu de la formation.<\/p>\r\n<p style=\"text-align: justify;\">C\u2019est le moment o\u00f9 il est temps de poser des questions de v\u00e9rification et de faire un test de connaissances. C\u2019est une phase incontournable de l\u2019assimilation qui permet de boucler ce qui vient d\u2019\u00eatre v\u00e9cu et de pr\u00e9parer le stagiaire \u00e0 l\u2019int\u00e9gration des comp\u00e9tences acquises dans son quotidien professionnel.<\/p>\r\n\r\n<h3 style=\"text-align: justify;\"><strong>La conclusion <\/strong><\/h3>\r\n<p style=\"text-align: justify;\"><u>Objectif<\/u>\u00a0: v\u00e9rifier l\u2019ad\u00e9quation entre les objectifs pr\u00e9alablement identifi\u00e9s et la formation effectu\u00e9e.<\/p>\r\n<p style=\"text-align: justify;\">La conclusion est l\u2019occasion d\u2019un dernier feed-back. Un temps de r\u00e9flexion sur l\u2019\u00e9valuation personnelle, l\u2019implication du stagiaire et la mani\u00e8re dont il imagine int\u00e9grer ce qu\u2019il a appris dans ses futures t\u00e2ches sous la forme d\u2019actions concr\u00e8tes. C\u2019est un moment important aussi bien pour le formateur que pour l\u2019apprenant.<\/p>\r\n\r\n<div style=\"border: 2px solid #3fc16f; padding: 15px;\">\r\n<h3 style=\"letter-spacing: -0.01em; text-align: justify;\">Les avantages\u00a0de la <strong><a href=\"http:\/\/www.capitecorpus.com\/formation-efficacite-relationnelle\" target=\"_blank\">formation individuelle<\/a><\/strong><\/h3>\r\n<p style=\"text-align: justify;\">Pour l'apprenant :<\/p>\r\n\r\n<ul style=\"text-align: justify;\">\r\n \t<li style=\"text-align: justify;\">S'inscrire \u00e0 une formation d\u00e8s qu'il en a besoin (sans \u00eatre d\u00e9pendant d'un planning de groupe).<\/li>\r\n \t<li style=\"text-align: justify;\">La confidentialit\u00e9 li\u00e9e aux modalit\u00e9s de la formation individuelle permet d'aller en profondeur dans ses propres objectifs et d'avoir un feedback personnalis\u00e9 du formateur<\/li>\r\n \t<li style=\"text-align: justify;\">La formation en individuel peut \u00eatre l'amorce d'un trajet de coaching plus complet.<\/li>\r\n<\/ul>\r\n<p style=\"text-align: justify;\">Pour le formateur :<\/p>\r\n\r\n<ul>\r\n \t<li style=\"text-align: justify;\">Utiliser ce sch\u00e9ma type permet au formateur de savoir en permanence o\u00f9 il en est dans son processus et d'\u00e9valuer l'apprenant au fur et \u00e0 mesure.<\/li>\r\n<\/ul>\r\n<\/div>\r\n&nbsp;\r\n<h4>Les formations inter-entreprises Capite Corpus sont accessibles en individuel :<\/h4>\r\n<img class=\"wp-image-1824 alignleft\" src=\"https:\/\/www.capitecorpus.com\/blog\/wp-content\/uploads\/2018\/04\/Puce_orange.png\" alt=\"\" width=\"15\" height=\"15\" \/><a href=\"http:\/\/www.capitecorpus.com\/formation-management\" target=\"_blank\"><span style=\"color: #fb7c2a;\"><strong>en management<\/strong><\/span><\/a>\r\n\r\n<img class=\"wp-image-1831 alignleft\" src=\"https:\/\/www.capitecorpus.com\/blog\/wp-content\/uploads\/2018\/04\/Puce_marron-pleine.png\" alt=\"\" width=\"15\" height=\"15\" \/><a href=\"http:\/\/www.capitecorpus.com\/formation-commercial\" target=\"_blank\"><span style=\"color: #7e6c63;\"><strong>en commercial<\/strong><\/span><\/a>\r\n\r\n<a href=\"https:\/\/www.capitecorpus.com\/blog\/wp-content\/uploads\/2018\/04\/Puce_jaune-pleine.png\"><img class=\"wp-image-1829 alignleft\" src=\"https:\/\/www.capitecorpus.com\/blog\/wp-content\/uploads\/2018\/04\/Puce_jaune-pleine.png\" alt=\"\" width=\"15\" height=\"15\" \/><\/a><span style=\"color: #e9b061;\"><strong><a style=\"color: #e9b061;\" href=\"http:\/\/www.capitecorpus.com\/formation-relation-client\" target=\"_blank\">en relation client<\/a><\/strong><\/span>\r\n\r\n<img class=\"wp-image-1830 alignleft\" src=\"https:\/\/www.capitecorpus.com\/blog\/wp-content\/uploads\/2018\/04\/Puce_rouge-pleine.png\" alt=\"\" width=\"15\" height=\"15\" \/><a href=\"http:\/\/www.capitecorpus.com\/formation-efficacite-relationnelle\" target=\"_blank\"><span style=\"color: #d93032;\"><strong>en efficacit\u00e9 relationnelle<\/strong><\/span><\/a>\r\n\r\n<img class=\"wp-image-1828 alignleft\" src=\"https:\/\/www.capitecorpus.com\/blog\/wp-content\/uploads\/2018\/04\/Puce_bleue_turquoise.png\" alt=\"\" width=\"15\" height=\"15\" \/><a href=\"http:\/\/www.capitecorpus.com\/formation-communication-orale\" target=\"_blank\"><span style=\"color: #39bfc7;\"><strong>en communication orale<\/strong><\/span><\/a>","_et_gb_content_width":"","footnotes":""},"categories":[6],"tags":[],"class_list":["post-1818","post","type-post","status-publish","format-standard","has-post-thumbnail","hentry","category-dossier-thema","et-has-post-format-content","et_post_format-et-post-format-standard"],"views":4108,"_links":{"self":[{"href":"https:\/\/www.capitecorpus.com\/blog\/wp-json\/wp\/v2\/posts\/1818","targetHints":{"allow":["GET"]}}],"collection":[{"href":"https:\/\/www.capitecorpus.com\/blog\/wp-json\/wp\/v2\/posts"}],"about":[{"href":"https:\/\/www.capitecorpus.com\/blog\/wp-json\/wp\/v2\/types\/post"}],"author":[{"embeddable":true,"href":"https:\/\/www.capitecorpus.com\/blog\/wp-json\/wp\/v2\/users\/3"}],"replies":[{"embeddable":true,"href":"https:\/\/www.capitecorpus.com\/blog\/wp-json\/wp\/v2\/comments?post=1818"}],"version-history":[{"count":2,"href":"https:\/\/www.capitecorpus.com\/blog\/wp-json\/wp\/v2\/posts\/1818\/revisions"}],"predecessor-version":[{"id":4346,"href":"https:\/\/www.capitecorpus.com\/blog\/wp-json\/wp\/v2\/posts\/1818\/revisions\/4346"}],"wp:featuredmedia":[{"embeddable":true,"href":"https:\/\/www.capitecorpus.com\/blog\/wp-json\/wp\/v2\/media\/1826"}],"wp:attachment":[{"href":"https:\/\/www.capitecorpus.com\/blog\/wp-json\/wp\/v2\/media?parent=1818"}],"wp:term":[{"taxonomy":"category","embeddable":true,"href":"https:\/\/www.capitecorpus.com\/blog\/wp-json\/wp\/v2\/categories?post=1818"},{"taxonomy":"post_tag","embeddable":true,"href":"https:\/\/www.capitecorpus.com\/blog\/wp-json\/wp\/v2\/tags?post=1818"}],"curies":[{"name":"wp","href":"https:\/\/api.w.org\/{rel}","templated":true}]}}