{"id":1991,"date":"2019-01-18T17:40:21","date_gmt":"2019-01-18T16:40:21","guid":{"rendered":"https:\/\/www.capitecorpus.com\/blog\/?p=1991"},"modified":"2025-03-11T16:02:38","modified_gmt":"2025-03-11T15:02:38","slug":"manager-avec-sa-personnalite","status":"publish","type":"post","link":"https:\/\/www.capitecorpus.com\/blog\/manager-avec-sa-personnalite\/","title":{"rendered":"Manager avec sa personnalit\u00e9 : soyons vrais !"},"content":{"rendered":"<p>[et_pb_section fb_built=\u00a0\u00bb1&Prime; admin_label=\u00a0\u00bbsection\u00a0\u00bb _builder_version=\u00a0\u00bb4.16&Prime; global_colors_info=\u00a0\u00bb{}\u00a0\u00bb][et_pb_row admin_label=\u00a0\u00bbrow\u00a0\u00bb _builder_version=\u00a0\u00bb4.16&Prime; background_size=\u00a0\u00bbinitial\u00a0\u00bb background_position=\u00a0\u00bbtop_left\u00a0\u00bb background_repeat=\u00a0\u00bbrepeat\u00a0\u00bb global_colors_info=\u00a0\u00bb{}\u00a0\u00bb][et_pb_column type=\u00a0\u00bb4_4&Prime; _builder_version=\u00a0\u00bb4.16&Prime; custom_padding=\u00a0\u00bb|||\u00a0\u00bb global_colors_info=\u00a0\u00bb{}\u00a0\u00bb custom_padding__hover=\u00a0\u00bb|||\u00a0\u00bb][et_pb_text admin_label=\u00a0\u00bbText\u00a0\u00bb _builder_version=\u00a0\u00bb4.24.2&Prime; background_size=\u00a0\u00bbinitial\u00a0\u00bb background_position=\u00a0\u00bbtop_left\u00a0\u00bb background_repeat=\u00a0\u00bbrepeat\u00a0\u00bb hover_enabled=\u00a0\u00bb0&Prime; global_colors_info=\u00a0\u00bb{}\u00a0\u00bb sticky_enabled=\u00a0\u00bb0&Prime;]<\/p>\n<p style=\"text-align: justify;\">D\u00e9velopper son influence, \u00eatre un leader, f\u00e9d\u00e9rer ses \u00e9quipes \u2026. Un challenge de taille se dessine derri\u00e8re ces enjeux\u00a0: \u00eatre un bon <span style=\"color: #fd9852;\"><strong>manager<\/strong><\/span>. Et si cela passait simplement par ce que l\u2019on est fondamentalement au fond de soi\u00a0? Pas besoin d\u2019aller chercher tr\u00e8s loin, de nombreuses \u00e9tudes montrent que pour \u00eatre \u00e9cout\u00e9 et suivi par ses \u00e9quipes, il suffit de mettre en lien ses mots et ses actes. De faire preuve d\u2019authenticit\u00e9 et d\u2019\u00eatre une femme ou un homme de valeurs. D\u00e9velopper sa vraie personnalit\u00e9 serait donc le meilleur moyen de <strong><a href=\"https:\/\/www.capitecorpus.com\/formation-management\/formation-leadership\" target=\"_blank\" rel=\"noopener\">d\u00e9velopper son leadership<\/a><\/strong>.\u00a0Oui mais comment\u00a0? En capitalisant sur les quatre fondements essentiels de ce que l\u2019on appelle, la fibre morale.<\/p>\n<h3 style=\"text-align: justify;\"><span style=\"color: #fd9852;\"><strong>L&rsquo;int\u00e9grit\u00e9<\/strong><\/span><\/h3>\n<p style=\"text-align: justify;\">C\u2019est l\u2019adh\u00e9sion \u00e0 un certain nombre de valeurs et l\u2019engagement de ne jamais les enfreindre malgr\u00e9 d\u2019\u00e9ventuelles tentations.<\/p>\n<p style=\"text-align: justify;\"><em>Implication manag\u00e9riale<\/em>\u00a0: si votre comportement est vrai, que vous tenez vos promesses malgr\u00e9 des fluctuations de contexte, vos collaborateurs auront confiance en vous. Avoir un r\u00e9f\u00e9rentiel de valeurs fortes vous donnera \u00e9galement de la l\u00e9gitimit\u00e9 dans votre pratique manag\u00e9riale.<\/p>\n<h3 style=\"text-align: justify;\"><span style=\"color: #fd9852;\"><strong>L&rsquo;humilit\u00e9<\/strong><\/span><\/h3>\n<p style=\"text-align: justify;\">Elle d\u00e9coule de l\u2019acceptation du fait qu\u2019on est tous faillibles, \u00e0 commencer par soi-m\u00eame\u00a0! \u00catre humble, c\u2019est conna\u00eetre ses limites et \u00eatre lucide sur soi.<\/p>\n<p style=\"text-align: justify;\"><em>Implication manag\u00e9riale<\/em>\u00a0: l\u2019humilit\u00e9 vous permet d\u2019accueillir la contribution de l\u2019autre comme tout aussi importante que la v\u00f4tre. Elle engendre un sentiment de gratitude, rempart infaillible contre l\u2019arrogance\u00a0! Un leader humble s\u2019attache aux faits, il accepte les \u00e9checs sans en faire porter la part \u00e0 ses collaborateurs alors qu\u2019il les implique en cas de succ\u00e8s.<\/p>\n<h3 style=\"text-align: justify;\"><span style=\"color: #fd9852;\"><strong>L&rsquo;imputabilit\u00e9<\/strong><\/span><\/h3>\n<p style=\"text-align: justify;\">Il s\u2019agit de sa capacit\u00e9 \u00e0 \u00eatre responsable. A assumer n\u2019importe quelle situation, qu\u2019elle soit positive ou n\u00e9gative.<\/p>\n<p style=\"text-align: justify;\"><em>Implication manag\u00e9riale<\/em>\u00a0: un vrai leader sait prendre ses responsabilit\u00e9s sans nier les faits, sans tenir les autres pour responsables \u00e0 sa place, sans avoir \u00e0 se justifier en \u00e9voquant des facteurs ind\u00e9pendants de sa volont\u00e9. Un vrai leader assume quoi qu\u2019il arrive et changera de lui-m\u00eame de voie s\u2019il ne se sent pas suffisamment comp\u00e9tent.<\/p>\n<h3 style=\"text-align: justify;\"><span style=\"color: #fd9852;\"><strong>Le courage<\/strong><\/span><\/h3>\n<p style=\"text-align: justify;\">Cette derni\u00e8re composante doit \u00eatre essentielle pour un bon manager.<em>\u00a0<\/em><\/p>\n<p style=\"text-align: justify;\"><em>Implication manag\u00e9riale\u00a0<\/em>: en effet, il en faut du courage quand on doit assumer ses choix, avoir la responsabilit\u00e9 d\u2019une \u00e9quipe ou encore faire \u00e9voluer voire bousculer une organisation bien \u00e9tablie afin de l\u2019emmener vers du mieux.<\/p>\n<h2 style=\"text-align: justify;\">Les quatre fondements des comp\u00e9tences<\/h2>\n<p style=\"text-align: justify;\">Au-del\u00e0 des quatre piliers de la personnalit\u00e9, \u00eatre un bon manager passe \u00e9galement par le lien entre ce que l\u2019on est et notre capacit\u00e9 \u00e0 int\u00e9grer de nouvelles comp\u00e9tences. Timothy R. Clark, doctorant am\u00e9ricain, auteur de plusieurs ouvrages sur le th\u00e8me du changement et de l\u2019agilit\u00e9 strat\u00e9gique, utilise la m\u00e9taphore de l\u2019immeuble\u00a0: la personnalit\u00e9 repr\u00e9sente les fondations de l\u2019immeuble tandis que les comp\u00e9tences forment la structure qui repose sur ces fondations. Ces derni\u00e8res sont au nombre de quatre\u00a0:<\/p>\n<ul style=\"text-align: justify;\">\n<li><strong><span style=\"color: #fd9852;\">L\u2019apprentissage<\/span>\u00a0<\/strong>: la facult\u00e9 d\u2019apprentissage est l\u2019un des piliers de l\u2019acquisition des comp\u00e9tences. Dans un monde o\u00f9 tout change rapidement et en particulier dans le monde professionnel, un bon manager doit assumer la responsabilit\u00e9 de son propre apprentissage, collaborer avec les autres et rester investi dans une \u00e9ternelle qu\u00eate de connaissances.<\/li>\n<\/ul>\n<ul style=\"text-align: justify;\">\n<li><strong><span style=\"color: #fd9852;\">Le changement<\/span>\u00a0: <\/strong>il implique l\u2019adaptation quotidienne. \u00catre un leader aujourd\u2019hui, c\u2019est savoir se confronter \u00e0 la r\u00e9alit\u00e9 fluctuante et faire face rapidement aux cons\u00e9quences qui en d\u00e9coulent.<\/li>\n<\/ul>\n<ul style=\"text-align: justify;\">\n<li><strong><span style=\"color: #fd9852;\">Le jugement<\/span>\u00a0<\/strong>: un bon manager doit forc\u00e9ment d\u00e9velopper son sens du discernement. Ce qui lui permettra de porter le bon jugement, \u00e0 replacer un \u00e9v\u00e8nement dans son contexte et \u00e0 envisager plusieurs solutions possibles pour chaque situation. Le jugement est une comp\u00e9tence essentielle pour savoir \u00eatre strat\u00e9gique.<\/li>\n<\/ul>\n<ul style=\"text-align: justify;\">\n<li><strong><span style=\"color: #fd9852;\">La vision<\/span>\u00a0<\/strong>:\u00a0il s&rsquo;agit de la facult\u00e9 \u00e0 conceptualiser ce qui va arriver. A se projeter et \u00e0 anticiper. La vision permet d&rsquo;aller au-del\u00e0 de la simple planification et de d\u00e9velopper un positionnement d&rsquo;influenceur(ses).<\/li>\n<\/ul>\n<div style=\"border: 2px solid #ff9849; padding: 15px; text-align: left;\">\n<h3 style=\"letter-spacing: -0.01em; text-align: justify;\">Les bienfaits\u00a0\u00e0 oser \u00e0 manager avec sa personnalit\u00e9<\/h3>\n<ul>\n<li style=\"text-align: justify;\">Cr\u00e9er un lien authentique et de confiance avec ses \u00e9quipes.<\/li>\n<li style=\"text-align: justify;\">Valoriser sa propre personnalit\u00e9 comme support de son fonctionnement manag\u00e9rial<\/li>\n<li style=\"text-align: justify;\">\u00catre le moteur d&rsquo;une nouvelle mani\u00e8re de fonctionner pour ses collaborateurs.<\/li>\n<li style=\"text-align: justify;\">Favoriser les valeurs personnelles et d\u00e9montrer qu&rsquo;elles sont d\u00e9clinables dans le champ professionnel.<\/li>\n<\/ul>\n<\/div>\n<p>[\/et_pb_text][et_pb_text _builder_version=\u00a0\u00bb4.24.2&Prime; _module_preset=\u00a0\u00bbdefault\u00a0\u00bb hover_enabled=\u00a0\u00bb0&Prime; sticky_enabled=\u00a0\u00bb0&Prime;]<\/p>\n<p>Pour aller plus loin :\u00a0<\/p>\n<p>[\/et_pb_text][et_pb_button button_url=\u00a0\u00bbhttps:\/\/www.capitecorpus.com\/formation-communication-soft-skills\/developper-son-leadership\/\u00a0\u00bb url_new_window=\u00a0\u00bbon\u00a0\u00bb button_text=\u00a0\u00bbD\u00e9couvrez notre formation D\u00e9velopper son leadership\u00a0\u00bb _builder_version=\u00a0\u00bb4.24.2&Prime; _module_preset=\u00a0\u00bbdefault\u00a0\u00bb custom_button=\u00a0\u00bbon\u00a0\u00bb button_text_size=\u00a0\u00bb17px\u00a0\u00bb button_text_color=\u00a0\u00bb#df0f02&Prime; button_font=\u00a0\u00bb|600|||||||\u00a0\u00bb hover_enabled=\u00a0\u00bb0&Prime; locked=\u00a0\u00bboff\u00a0\u00bb global_colors_info=\u00a0\u00bb{}\u00a0\u00bb sticky_enabled=\u00a0\u00bb0&Prime;][\/et_pb_button][\/et_pb_column][\/et_pb_row][\/et_pb_section]<\/p>\n","protected":false},"excerpt":{"rendered":"<p>D\u00e9velopper son influence, \u00eatre un leader, f\u00e9d\u00e9rer ses \u00e9quipes \u2026. Un challenge de taille se dessine derri\u00e8re ces enjeux\u00a0: \u00eatre un bon manager. Et si cela passait simplement par ce que l\u2019on est fondamentalement au fond de soi\u00a0? Pas besoin d\u2019aller chercher tr\u00e8s loin, de nombreuses \u00e9tudes montrent que pour \u00eatre \u00e9cout\u00e9 et suivi par [&hellip;]<\/p>\n","protected":false},"author":3,"featured_media":3869,"comment_status":"open","ping_status":"open","sticky":false,"template":"","format":"standard","meta":{"_et_pb_use_builder":"on","_et_pb_old_content":"<p style=\"text-align: justify;\">D\u00e9velopper son influence, \u00eatre un leader, f\u00e9d\u00e9rer ses \u00e9quipes \u2026. Un challenge de taille se dessine derri\u00e8re ces enjeux\u00a0: \u00eatre un bon <span style=\"color: #fd9852;\"><strong>manager<\/strong><\/span>. Et si cela passait simplement par ce que l\u2019on est fondamentalement au fond de soi\u00a0? Pas besoin d\u2019aller chercher tr\u00e8s loin, de nombreuses \u00e9tudes montrent que pour \u00eatre \u00e9cout\u00e9 et suivi par ses \u00e9quipes, il suffit de mettre en lien ses mots et ses actes. De faire preuve d\u2019authenticit\u00e9 et d\u2019\u00eatre une femme ou un homme de valeurs. D\u00e9velopper sa vraie personnalit\u00e9 serait donc le meilleur moyen de <strong><a href=\"https:\/\/www.capitecorpus.com\/formation-management\/formation-leadership\" target=\"_blank\" rel=\"noopener\">d\u00e9velopper son leadership<\/a><\/strong>.\u00a0Oui mais comment\u00a0? En capitalisant sur les quatre fondements essentiels de ce que l\u2019on appelle, la fibre morale.<\/p>\r\n\r\n<h3 style=\"text-align: justify;\"><span style=\"color: #fd9852;\"><strong>L'int\u00e9grit\u00e9<\/strong><\/span><\/h3>\r\n<p style=\"text-align: justify;\">C\u2019est l\u2019adh\u00e9sion \u00e0 un certain nombre de valeurs et l\u2019engagement de ne jamais les enfreindre malgr\u00e9 d\u2019\u00e9ventuelles tentations.<\/p>\r\n<p style=\"text-align: justify;\"><em>Implication manag\u00e9riale<\/em>\u00a0: si votre comportement est vrai, que vous tenez vos promesses malgr\u00e9 des fluctuations de contexte, vos collaborateurs auront confiance en vous. Avoir un r\u00e9f\u00e9rentiel de valeurs fortes vous donnera \u00e9galement de la l\u00e9gitimit\u00e9 dans votre pratique manag\u00e9riale.<\/p>\r\n\r\n<h3 style=\"text-align: justify;\"><span style=\"color: #fd9852;\"><strong>L'humilit\u00e9<\/strong><\/span><\/h3>\r\n<p style=\"text-align: justify;\">Elle d\u00e9coule de l\u2019acceptation du fait qu\u2019on est tous faillibles, \u00e0 commencer par soi-m\u00eame\u00a0! \u00catre humble, c\u2019est conna\u00eetre ses limites et \u00eatre lucide sur soi.<\/p>\r\n<p style=\"text-align: justify;\"><em>Implication manag\u00e9riale<\/em>\u00a0: l\u2019humilit\u00e9 vous permet d\u2019accueillir la contribution de l\u2019autre comme tout aussi importante que la v\u00f4tre. Elle engendre un sentiment de gratitude, rempart infaillible contre l\u2019arrogance\u00a0! Un leader humble s\u2019attache aux faits, il accepte les \u00e9checs sans en faire porter la part \u00e0 ses collaborateurs alors qu\u2019il les implique en cas de succ\u00e8s.<\/p>\r\n\r\n<h3 style=\"text-align: justify;\"><span style=\"color: #fd9852;\"><strong>L'imputabilit\u00e9<\/strong><\/span><\/h3>\r\n<p style=\"text-align: justify;\">Il s\u2019agit de sa capacit\u00e9 \u00e0 \u00eatre responsable. A assumer n\u2019importe quelle situation, qu\u2019elle soit positive ou n\u00e9gative.<\/p>\r\n<p style=\"text-align: justify;\"><em>Implication manag\u00e9riale<\/em>\u00a0: un vrai leader sait prendre ses responsabilit\u00e9s sans nier les faits, sans tenir les autres pour responsables \u00e0 sa place, sans avoir \u00e0 se justifier en \u00e9voquant des facteurs ind\u00e9pendants de sa volont\u00e9. Un vrai leader assume quoi qu\u2019il arrive et changera de lui-m\u00eame de voie s\u2019il ne se sent pas suffisamment comp\u00e9tent.<\/p>\r\n\r\n<h3 style=\"text-align: justify;\"><span style=\"color: #fd9852;\"><strong>Le courage<\/strong><\/span><\/h3>\r\n<p style=\"text-align: justify;\">Cette derni\u00e8re composante doit \u00eatre essentielle pour un bon manager.<em>\u00a0<\/em><\/p>\r\n<p style=\"text-align: justify;\"><em>Implication manag\u00e9riale\u00a0<\/em>: en effet, il en faut du courage quand on doit assumer ses choix, avoir la responsabilit\u00e9 d\u2019une \u00e9quipe ou encore faire \u00e9voluer voire bousculer une organisation bien \u00e9tablie afin de l\u2019emmener vers du mieux.<\/p>\r\n\r\n<h2 style=\"text-align: justify;\">Les quatre fondements des comp\u00e9tences<\/h2>\r\n<p style=\"text-align: justify;\">Au-del\u00e0 des quatre piliers de la personnalit\u00e9, \u00eatre un bon manager passe \u00e9galement par le lien entre ce que l\u2019on est et notre capacit\u00e9 \u00e0 int\u00e9grer de nouvelles comp\u00e9tences. Timothy R. Clark, doctorant am\u00e9ricain, auteur de plusieurs ouvrages sur le th\u00e8me du changement et de l\u2019agilit\u00e9 strat\u00e9gique, utilise la m\u00e9taphore de l\u2019immeuble\u00a0: la personnalit\u00e9 repr\u00e9sente les fondations de l\u2019immeuble tandis que les comp\u00e9tences forment la structure qui repose sur ces fondations. Ces derni\u00e8res sont au nombre de quatre\u00a0:<\/p>\r\n\r\n<ul style=\"text-align: justify;\">\r\n \t<li><strong><span style=\"color: #fd9852;\">L\u2019apprentissage<\/span>\u00a0<\/strong>: la facult\u00e9 d\u2019apprentissage est l\u2019un des piliers de l\u2019acquisition des comp\u00e9tences. Dans un monde o\u00f9 tout change rapidement et en particulier dans le monde professionnel, un bon manager doit assumer la responsabilit\u00e9 de son propre apprentissage, collaborer avec les autres et rester investi dans une \u00e9ternelle qu\u00eate de connaissances.<\/li>\r\n<\/ul>\r\n<ul style=\"text-align: justify;\">\r\n \t<li><strong><span style=\"color: #fd9852;\">Le changement<\/span>\u00a0: <\/strong>il implique l\u2019adaptation quotidienne. \u00catre un leader aujourd\u2019hui, c\u2019est savoir se confronter \u00e0 la r\u00e9alit\u00e9 fluctuante et faire face rapidement aux cons\u00e9quences qui en d\u00e9coulent.<\/li>\r\n<\/ul>\r\n<ul style=\"text-align: justify;\">\r\n \t<li><strong><span style=\"color: #fd9852;\">Le jugement<\/span>\u00a0<\/strong>: un bon manager doit forc\u00e9ment d\u00e9velopper son sens du discernement. Ce qui lui permettra de porter le bon jugement, \u00e0 replacer un \u00e9v\u00e8nement dans son contexte et \u00e0 envisager plusieurs solutions possibles pour chaque situation. Le jugement est une comp\u00e9tence essentielle pour savoir \u00eatre strat\u00e9gique.<\/li>\r\n<\/ul>\r\n<ul style=\"text-align: justify;\">\r\n \t<li><strong><span style=\"color: #fd9852;\">La vision<\/span>\u00a0<\/strong>:\u00a0il s'agit de la facult\u00e9 \u00e0 conceptualiser ce qui va arriver. A se projeter et \u00e0 anticiper. La vision permet d'aller au-del\u00e0 de la simple planification et de d\u00e9velopper un positionnement d'influenceur(ses).<\/li>\r\n<\/ul>\r\n<div style=\"border: 2px solid #ff9849; padding: 15px; text-align: left;\">\r\n<h3 style=\"letter-spacing: -0.01em; text-align: justify;\">Les bienfaits\u00a0\u00e0 oser \u00e0 manager avec sa personnalit\u00e9<\/h3>\r\n<ul>\r\n \t<li style=\"text-align: justify;\">Cr\u00e9er un lien authentique et de confiance avec ses \u00e9quipes.<\/li>\r\n \t<li style=\"text-align: justify;\">Valoriser sa propre personnalit\u00e9 comme support de son fonctionnement manag\u00e9rial<\/li>\r\n \t<li style=\"text-align: justify;\">\u00catre le moteur d'une nouvelle mani\u00e8re de fonctionner pour ses collaborateurs.<\/li>\r\n \t<li style=\"text-align: justify;\">Favoriser les valeurs personnelles et d\u00e9montrer qu'elles sont d\u00e9clinables dans le champ professionnel.<\/li>\r\n<\/ul>\r\n<\/div>\r\n<span style=\"color: #ffffff;\">...<\/span>\r\n\r\n<a href=\"https:\/\/www.capitecorpus.com\/formation-management\/formation-leadership\" target=\"_blank\" rel=\"noopener\"><img class=\"alignleft wp-image-1723\" style=\"min-width: 554px;\" src=\"https:\/\/www.capitecorpus.com\/blog\/wp-content\/uploads\/2018\/02\/cta-leadership.png\" alt=\"Comment d\u00e9velopper son leadership\" \/><\/a>","_et_gb_content_width":"","footnotes":""},"categories":[3,10],"tags":[],"class_list":["post-1991","post","type-post","status-publish","format-standard","has-post-thumbnail","hentry","category-boite-a-outils","category-management","et-has-post-format-content","et_post_format-et-post-format-standard"],"views":1879,"_links":{"self":[{"href":"https:\/\/www.capitecorpus.com\/blog\/wp-json\/wp\/v2\/posts\/1991","targetHints":{"allow":["GET"]}}],"collection":[{"href":"https:\/\/www.capitecorpus.com\/blog\/wp-json\/wp\/v2\/posts"}],"about":[{"href":"https:\/\/www.capitecorpus.com\/blog\/wp-json\/wp\/v2\/types\/post"}],"author":[{"embeddable":true,"href":"https:\/\/www.capitecorpus.com\/blog\/wp-json\/wp\/v2\/users\/3"}],"replies":[{"embeddable":true,"href":"https:\/\/www.capitecorpus.com\/blog\/wp-json\/wp\/v2\/comments?post=1991"}],"version-history":[{"count":3,"href":"https:\/\/www.capitecorpus.com\/blog\/wp-json\/wp\/v2\/posts\/1991\/revisions"}],"predecessor-version":[{"id":3873,"href":"https:\/\/www.capitecorpus.com\/blog\/wp-json\/wp\/v2\/posts\/1991\/revisions\/3873"}],"wp:featuredmedia":[{"embeddable":true,"href":"https:\/\/www.capitecorpus.com\/blog\/wp-json\/wp\/v2\/media\/3869"}],"wp:attachment":[{"href":"https:\/\/www.capitecorpus.com\/blog\/wp-json\/wp\/v2\/media?parent=1991"}],"wp:term":[{"taxonomy":"category","embeddable":true,"href":"https:\/\/www.capitecorpus.com\/blog\/wp-json\/wp\/v2\/categories?post=1991"},{"taxonomy":"post_tag","embeddable":true,"href":"https:\/\/www.capitecorpus.com\/blog\/wp-json\/wp\/v2\/tags?post=1991"}],"curies":[{"name":"wp","href":"https:\/\/api.w.org\/{rel}","templated":true}]}}