{"id":2162,"date":"2019-05-21T10:28:18","date_gmt":"2019-05-21T09:28:18","guid":{"rendered":"https:\/\/www.capitecorpus.com\/blog\/?p=2162"},"modified":"2019-05-21T10:55:58","modified_gmt":"2019-05-21T09:55:58","slug":"limpact-positif-de-la-pression","status":"publish","type":"post","link":"https:\/\/www.capitecorpus.com\/blog\/limpact-positif-de-la-pression\/","title":{"rendered":"L&rsquo;impact positif de la pression"},"content":{"rendered":"<p style=\"text-align: justify;\">\u00ab\u00a0<span style=\"color: #fd9852;\"><strong>Ce qui ne me tue pas me rend plus fort<\/strong><\/span>\u00a0\u00bb. Telle \u00e9tait la devise du philosophe allemand Friedrich Nietzsche. Dans le milieu professionnel, l\u2019application de cette maxime nous am\u00e8ne \u00e0 plusieurs questionnements\u00a0: comment g\u00e9rer la pression au travail\u00a0? Quel niveau de r\u00e9sistance avons-nous\u00a0? De quoi sommes-nous capables face \u00e0 l\u2019adversit\u00e9\u00a0? Quelle est notre capacit\u00e9 \u00e0 relever des d\u00e9fis\u00a0?\u00a0 En une phrase, comment les individus ajustent leur cerveau pour faire face aux difficult\u00e9s\u00a0?<\/p>\n<h2 style=\"text-align: justify;\">Les apports des neurosciences \u00e0 ce sujet<\/h2>\n<p style=\"text-align: justify;\">Depuis 1984, la communaut\u00e9 scientifique a admis que le cerveau d\u2019un individu se modifie en fonction de l\u2019exp\u00e9rience qu\u2019il est en train de vivre. Le cerveau serait donc <span style=\"color: #fd9852;\"><strong>flexible<\/strong><\/span> et ainsi chaque personne r\u00e9agirait de mani\u00e8re diff\u00e9rente face \u00e0 une m\u00eame situation. Notre cerveau est subordonn\u00e9 \u00e0 une logistique chimique bien \u00e9labor\u00e9e. Cette m\u00e9canique nous permet de <span style=\"color: #fd9852;\"><strong>rester en vigilance<\/strong><\/span> dans les moments d\u00e9licats et de passer en phase de repos quand la pression retombe.<\/p>\n<h2 style=\"text-align: justify;\">C&rsquo;est l\u00e0 que le stress intervient<\/h2>\n<p style=\"text-align: justify;\">Une charge de travail de plus en plus colossale pour le m\u00eame temps de pr\u00e9sence. Une demande de rentabilit\u00e9 toujours plus accrue. Des coll\u00e8gues \u00e0 temps partiel ou dont le poste n\u2019a pas \u00e9t\u00e9 remplac\u00e9 apr\u00e8s leur d\u00e9part dont il va falloir pallier l\u2019absence. Avec le d\u00e9veloppement des r\u00e9seaux sociaux et l\u2019afflux des courriels, l\u2019imm\u00e9diatet\u00e9 des \u00e9changes se confond avec situation d\u2019urgence. Un triste constat sans appel\u00a0:<span style=\"color: #fd9852;\"><strong> le stress est omnipr\u00e9sent dans le monde professionnel<\/strong><\/span>. Si un niveau de stress mod\u00e9r\u00e9 peut augmenter les capacit\u00e9s et les performances, un exc\u00e8s de stress va avoir l\u2019effet inverse d\u2019autant plus s\u2019il est traduit par de l\u2019anxi\u00e9t\u00e9. Le stress est une <span style=\"color: #fd9852;\"><strong>r\u00e9action adaptative<\/strong><\/span> de l\u2019organisme face \u00e0 un \u00e9v\u00e8nement nouveau. Tout ce stress va venir de la perception de la menace par l\u2019individu lui-m\u00eame. L\u2019anxi\u00e9t\u00e9 en revanche est une <span style=\"color: #fd9852;\"><strong>r\u00e9action inadapt\u00e9e<\/strong><\/span> de l\u2019organisme face aux agents stressants.<\/p>\n<h2 style=\"text-align: justify;\">Qu&rsquo;est-ce que le stress positif ?<\/h2>\n<p style=\"text-align: justify;\">Du point de vue biologique et inn\u00e9, le stress provient de la r\u00e9ponse instinctive face \u00e0 un \u00e9v\u00e9nement per\u00e7u comme mena\u00e7ant par l&rsquo;individu. Seulement deux r\u00e9ponses sont possibles : <span style=\"color: #fd9852;\"><strong>combattre ou fuir<\/strong><\/span>. \u00c0 court-terme, cette r\u00e9ponse automatique est b\u00e9n\u00e9fique puisque son r\u00f4le est de nous mettre dans des conditions optimales pour assurer notre survie. Et puis il y a l&rsquo;eustress. <span style=\"color: #fd9852;\"><strong>L&rsquo;eustress<\/strong><\/span> est la r\u00e9ponse positive \u00e0 une situation v\u00e9cue comme stressante. C&rsquo;est dans cette phase que nous allons \u00eatre capable de <span style=\"color: #fd9852;\"><strong>donner le meilleur de nous-m\u00eame<\/strong><\/span>, pouss\u00e9s par un vent d&rsquo;enthousiasme et de motivation.<\/p>\n<h2>Comment utiliser la pression \u00e0 bon escient ?<\/h2>\n<p style=\"text-align: justify;\">Ce que Nietzsche veut nous dire, c\u2019est que nous sommes tous capables de prendre notre existence en main. Nul n\u2019est impuissant face aux circonstances de la vie. L\u2019anxi\u00e9t\u00e9 en revanche, est l\u2019ennemi de la s\u00e9r\u00e9nit\u00e9 et de la productivit\u00e9. \u00a0Elle nous place dans un \u00e9tat <span style=\"color: #fd9852;\"><strong>d\u2019hypervigilance<\/strong><\/span> vis-\u00e0-vis de potentielles menaces, aussi minimes soient-elles. En quelque sorte, l\u2019anxi\u00e9t\u00e9 nous am\u00e8ne \u00e0 nous cr\u00e9er des difficult\u00e9s l\u00e0 o\u00f9 il n\u2019y en a pas.\u00a0 Pour ne pas se laisser envahir par l\u2019angoisse et l\u2019anxi\u00e9t\u00e9, notre <span style=\"color: #fd9852;\"><strong>mental<\/strong><\/span> est notre meilleur alli\u00e9. Grace \u00e0 lui, nous pouvons agir sur nos pens\u00e9es\u00a0:<\/p>\n<ul style=\"text-align: justify;\">\n<li>Se croire <span style=\"color: #fd9852;\"><strong>capable de surmonter<\/strong><\/span> les difficult\u00e9s est le premier pas vers une r\u00e9alisation b\u00e9n\u00e9fique.<\/li>\n<li>De plus, <span style=\"color: #fd9852;\"><strong>\u0153uvrer avec pers\u00e9v\u00e9rance<\/strong><\/span> quelles que soient les difficult\u00e9s et sans penser aux r\u00e9sultats apaise les angoisses. Continuer d\u2019avancer co\u00fbte que co\u00fbte est la cl\u00e9 de la victoire.<\/li>\n<li>En outre, cultiver le sentiment de pouvoir favoriser la <span style=\"color: #fd9852;\"><strong>confiance en soi<\/strong><\/span> et <span style=\"color: #fd9852;\"><strong>l\u2019envie de d\u00e9passement<\/strong><\/span>.<\/li>\n<li><span style=\"color: #fd9852;\"><strong>Contr\u00f4ler sa vie<\/strong><\/span> plut\u00f4t que de se faire contr\u00f4ler a des incidences positives sur notre volont\u00e9. Enfin, savoir g\u00e9rer ses \u00e9motions est un atout gagnant.<\/li>\n<li>Apprendre \u00e0 <span style=\"color: #fd9852;\"><strong>d\u00e9coder ses sentiments<\/strong><\/span> face \u00e0 d\u2019autres personnes permet d\u2019influencer sur le contexte au lieu que ce soit le contexte qui nous influence.<\/li>\n<\/ul>\n<p style=\"text-align: justify;\">Alors, quand la pression se fait trop forte, gardez \u00e0 l\u2019esprit que nous sommes tous capables d\u2019agir sur nos \u00e9motions pour moduler notre cerveau et d\u00e9ployer des ressources insoup\u00e7onn\u00e9es.<\/p>\n<div style=\"border: 2px solid #ff9849; padding: 15px;\">\n<h3 style=\"letter-spacing: -0.01em; text-align: justify;\">Les bienfaits \u00e0 utiliser la pression :<\/h3>\n<ul>\n<li style=\"text-align: left;\">D\u00e9passer ses limites.<\/li>\n<li style=\"text-align: left;\">Faire acte de volont\u00e9.<\/li>\n<li style=\"text-align: left;\">G\u00e9rer ses \u00e9motions.<\/li>\n<li style=\"text-align: left;\">Garder le contr\u00f4le.<\/li>\n<\/ul>\n<\/div>\n<p>&nbsp;<\/p>\n<p><a href=\"https:\/\/www.capitecorpus.com\/formation-efficacite-relationnelle\/formation-gestion-du-temps-et-des-priorites\" target=\"_blank\"><img loading=\"lazy\" decoding=\"async\" class=\"alignnone size-full wp-image-2167\" src=\"https:\/\/www.capitecorpus.com\/blog\/wp-content\/uploads\/2019\/05\/cta_gdt.png\" alt=\"D\u00e9couvrir notre formation Gestion du temps et des priorit\u00e9s\" width=\"554\" height=\"29\" srcset=\"https:\/\/www.capitecorpus.com\/blog\/wp-content\/uploads\/2019\/05\/cta_gdt.png 554w, https:\/\/www.capitecorpus.com\/blog\/wp-content\/uploads\/2019\/05\/cta_gdt-300x16.png 300w, https:\/\/www.capitecorpus.com\/blog\/wp-content\/uploads\/2019\/05\/cta_gdt-533x29.png 533w, https:\/\/www.capitecorpus.com\/blog\/wp-content\/uploads\/2019\/05\/cta_gdt-534x29.png 534w\" sizes=\"(max-width: 554px) 100vw, 554px\" \/><\/a><\/p>\n","protected":false},"excerpt":{"rendered":"<p>\u00ab\u00a0Ce qui ne me tue pas me rend plus fort\u00a0\u00bb. Telle \u00e9tait la devise du philosophe allemand Friedrich Nietzsche. Dans le milieu professionnel, l\u2019application de cette maxime nous am\u00e8ne \u00e0 plusieurs questionnements\u00a0: comment g\u00e9rer la pression au travail\u00a0? Quel niveau de r\u00e9sistance avons-nous\u00a0? De quoi sommes-nous capables face \u00e0 l\u2019adversit\u00e9\u00a0? Quelle est notre capacit\u00e9 \u00e0 [&hellip;]<\/p>\n","protected":false},"author":3,"featured_media":2166,"comment_status":"open","ping_status":"open","sticky":false,"template":"","format":"standard","meta":{"_et_pb_use_builder":"","_et_pb_old_content":"","_et_gb_content_width":"","footnotes":""},"categories":[3,136,7,10],"tags":[],"class_list":["post-2162","post","type-post","status-publish","format-standard","has-post-thumbnail","hentry","category-boite-a-outils","category-commercial","category-efficacite-relationnelle","category-management","et-has-post-format-content","et_post_format-et-post-format-standard"],"views":2635,"_links":{"self":[{"href":"https:\/\/www.capitecorpus.com\/blog\/wp-json\/wp\/v2\/posts\/2162","targetHints":{"allow":["GET"]}}],"collection":[{"href":"https:\/\/www.capitecorpus.com\/blog\/wp-json\/wp\/v2\/posts"}],"about":[{"href":"https:\/\/www.capitecorpus.com\/blog\/wp-json\/wp\/v2\/types\/post"}],"author":[{"embeddable":true,"href":"https:\/\/www.capitecorpus.com\/blog\/wp-json\/wp\/v2\/users\/3"}],"replies":[{"embeddable":true,"href":"https:\/\/www.capitecorpus.com\/blog\/wp-json\/wp\/v2\/comments?post=2162"}],"version-history":[{"count":0,"href":"https:\/\/www.capitecorpus.com\/blog\/wp-json\/wp\/v2\/posts\/2162\/revisions"}],"wp:featuredmedia":[{"embeddable":true,"href":"https:\/\/www.capitecorpus.com\/blog\/wp-json\/wp\/v2\/media\/2166"}],"wp:attachment":[{"href":"https:\/\/www.capitecorpus.com\/blog\/wp-json\/wp\/v2\/media?parent=2162"}],"wp:term":[{"taxonomy":"category","embeddable":true,"href":"https:\/\/www.capitecorpus.com\/blog\/wp-json\/wp\/v2\/categories?post=2162"},{"taxonomy":"post_tag","embeddable":true,"href":"https:\/\/www.capitecorpus.com\/blog\/wp-json\/wp\/v2\/tags?post=2162"}],"curies":[{"name":"wp","href":"https:\/\/api.w.org\/{rel}","templated":true}]}}