{"id":2198,"date":"2026-04-12T10:48:22","date_gmt":"2026-04-12T09:48:22","guid":{"rendered":"https:\/\/www.capitecorpus.com\/blog\/?p=2198"},"modified":"2026-04-13T08:04:51","modified_gmt":"2026-04-13T07:04:51","slug":"le-charisme-nest-pas-inne-il-sapprend","status":"publish","type":"post","link":"https:\/\/www.capitecorpus.com\/blog\/le-charisme-nest-pas-inne-il-sapprend\/","title":{"rendered":"Le charisme d&rsquo;un orateur n&rsquo;est pas inn\u00e9 : comment le d\u00e9velopper pour r\u00e9ussir ses prises de parole en public&#8230;"},"content":{"rendered":"<p>[et_pb_section fb_built=\u00a0\u00bb1&Prime; admin_label=\u00a0\u00bbsection\u00a0\u00bb _builder_version=\u00a0\u00bb4.16&Prime; global_colors_info=\u00a0\u00bb{}\u00a0\u00bb][et_pb_row admin_label=\u00a0\u00bbrow\u00a0\u00bb _builder_version=\u00a0\u00bb4.16&Prime; background_size=\u00a0\u00bbinitial\u00a0\u00bb background_position=\u00a0\u00bbtop_left\u00a0\u00bb background_repeat=\u00a0\u00bbrepeat\u00a0\u00bb global_colors_info=\u00a0\u00bb{}\u00a0\u00bb][et_pb_column type=\u00a0\u00bb4_4&Prime; _builder_version=\u00a0\u00bb4.16&Prime; custom_padding=\u00a0\u00bb|||\u00a0\u00bb global_colors_info=\u00a0\u00bb{}\u00a0\u00bb custom_padding__hover=\u00a0\u00bb|||\u00a0\u00bb][et_pb_text admin_label=\u00a0\u00bbText\u00a0\u00bb _builder_version=\u00a0\u00bb4.27.4&Prime; background_size=\u00a0\u00bbinitial\u00a0\u00bb background_position=\u00a0\u00bbtop_left\u00a0\u00bb background_repeat=\u00a0\u00bbrepeat\u00a0\u00bb global_colors_info=\u00a0\u00bb{}\u00a0\u00bb]<\/p>\n<h2 class=\"text-text-100 mt-3 -mb-1 text-[1.125rem] font-bold\">Le charisme est-il inn\u00e9 ou peut-il s&rsquo;apprendre ?<\/h2>\n<p class=\"font-claude-response-body break-words whitespace-normal leading-[1.7]\">Le charisme se d\u00e9finit comme la capacit\u00e9 d&rsquo;une personne \u00e0 <strong>s\u00e9duire, influencer et fasciner les autres<\/strong> par ses discours, son attitude et son temp\u00e9rament, tout en apparaissant confiante et ma\u00eetresse de ses \u00e9motions. Si certains individus en sont naturellement pourvus, le charisme est avant tout un <strong>ensemble de comp\u00e9tences<\/strong> que chacun peut travailler et d\u00e9velopper.<\/p>\n<p class=\"font-claude-response-body break-words whitespace-normal leading-[1.7]\">Par un entra\u00eenement r\u00e9gulier et des techniques cibl\u00e9es \u2014 les <strong>Tactiques du Leadership Charismatique (TLC)<\/strong> \u2014 il est tout \u00e0 fait possible d&rsquo;acqu\u00e9rir les r\u00e9flexes qui rendent les <strong>interventions<\/strong> <strong>orales<\/strong> m\u00e9morables.<\/p>\n<h2 class=\"text-text-100 mt-3 -mb-1 text-[1.125rem] font-bold\">Pourquoi le charisme est-il essentiel pour le leadership en entreprise ?<\/h2>\n<p class=\"font-claude-response-body break-words whitespace-normal leading-[1.7]\">Le charisme inspire naturellement le respect et la confiance, deux piliers du leadership. Selon Peter Northouse, professeur am\u00e9ricain en communication, <em>\u00ab le leadership est la capacit\u00e9 d&rsquo;une personne \u00e0 influencer et \u00e0 f\u00e9d\u00e9rer un groupe, pour atteindre un but commun, dans une relation de confiance mutuelle. \u00bb<\/em><\/p>\n<p class=\"font-claude-response-body break-words whitespace-normal leading-[1.7]\">Un leader charismatique sait mobiliser ses \u00e9quipes, f\u00e9d\u00e9rer autour d&rsquo;une vision partag\u00e9e et cr\u00e9er une dynamique collective durable. D\u00e9velopper son charisme, c&rsquo;est donc directement <strong>investir dans son efficacit\u00e9 manag\u00e9riale<\/strong>.<\/p>\n<h2 style=\"text-align: justify;\">1- Cr\u00e9er un lien fort avec son auditoire : le pouvoir de l&rsquo;identification<\/h2>\n<p class=\"font-claude-response-body break-words whitespace-normal leading-[1.7]\">La cl\u00e9 pour convaincre son public repose sur un m\u00e9canisme fondamental : <strong>l&rsquo;identification<\/strong>. Lorsqu&rsquo;un interlocuteur s&rsquo;identifie au message d\u00e9livr\u00e9, il le comprend plus facilement et le m\u00e9morise durablement. Pour provoquer cette identification, l&rsquo;orateur dispose de plusieurs figures de style :<\/p>\n<ul>\n<li><strong>Les m\u00e9taphores et discours imag\u00e9s<\/strong> : ils traduisent l&rsquo;abstrait en concret. Exemple c\u00e9l\u00e8bre d&rsquo;Albert Einstein : <em>\u00ab La vie, c&rsquo;est comme une bicyclette, il faut avancer pour ne pas perdre l&rsquo;\u00e9quilibre. \u00bb<\/em><\/li>\n<li class=\"whitespace-normal break-words pl-2\"><strong>Les analogies<\/strong> : elles ancrent le message dans une r\u00e9alit\u00e9 connue de l&rsquo;auditoire.<\/li>\n<li class=\"whitespace-normal break-words pl-2\"><strong>Les histoires et anecdotes<\/strong> : elles humanisent le propos et favorisent l&rsquo;\u00e9motion.<\/li>\n<li class=\"whitespace-normal break-words pl-2\"><strong>Les contrastes entre raison et passion<\/strong> : ils cr\u00e9ent du relief et de la m\u00e9morabilit\u00e9. Exemple de JFK : <em>\u00ab Ne vous demandez pas ce que votre pays peut faire pour vous, mais demandez-vous ce que vous pouvez faire pour votre pays. \u00bb<\/em><\/li>\n<\/ul>\n<h2 style=\"text-align: justify;\">2 &#8211; Captiver et condenser son message : deux techniques cl\u00e9s<\/h2>\n<h3 style=\"text-align: justify;\">&gt; Les questions rh\u00e9toriques<\/h3>\n<p class=\"font-claude-response-body break-words whitespace-normal leading-[1.7]\">Poser une question sans attendre de r\u00e9ponse permet de <strong>soulever une probl\u00e9matique<\/strong> et d&rsquo;engager \u00e9motionnellement l&rsquo;auditoire dans une cause. Associ\u00e9e \u00e0 une m\u00e9taphore, une question rh\u00e9torique d\u00e9cuple son pouvoir de rassemblement.<\/p>\n<p class=\"font-claude-response-body break-words whitespace-normal leading-[1.7]\"><em>Exemple : \u00ab Quelle \u00e9volution souhaitez-vous pour l&rsquo;avenir ? Travailler plus sans augmentation de salaire, ou une fusion qui apporte plus de moyens et de rentabilit\u00e9 ? \u00bb<\/em><span style=\"color: #fd9852;\"><strong><\/strong><\/span><\/p>\n<h3 style=\"text-align: justify;\">&gt; Les listes \u00e0 trois volets<\/h3>\n<p class=\"font-claude-response-body break-words whitespace-normal leading-[1.7]\">Regrouper <strong>trois concepts ou id\u00e9es<\/strong> en un seul message le condense et le rend plus percutant. La r\u00e8gle de trois est l&rsquo;une des structures rh\u00e9toriques les plus efficaces pour la m\u00e9morisation.<\/p>\n<p class=\"font-claude-response-body break-words whitespace-normal leading-[1.7]\"><em>Exemple : \u00ab Il existe trois choses \u00e0 exp\u00e9rimenter pour devenir leader sur votre march\u00e9\u2026 \u00bb<\/em><\/p>\n<h2 style=\"text-align: justify;\">3 &#8211; Asseoir son autorit\u00e9 et inspirer confiance<\/h2>\n<p class=\"font-claude-response-body break-words whitespace-normal leading-[1.7]\">Pour amener son auditoire \u00e0 adh\u00e9rer pleinement \u00e0 son discours, l&rsquo;orateur doit <strong>potentialiser son int\u00e9grit\u00e9<\/strong> \u00e0 travers trois leviers :<\/p>\n<p class=\"font-claude-response-body break-words whitespace-normal leading-[1.7]\"><span style=\"color: #ff9900;\"><strong>Exprimer ses sentiments<\/strong><\/span> \u2014 Partager ses \u00e9motions renforce le sentiment d&rsquo;appartenance au groupe et favorise l&rsquo;identification collective.<\/p>\n<p class=\"font-claude-response-body break-words whitespace-normal leading-[1.7]\"><span style=\"color: #ff9900;\"><strong>Afficher ses convictions morales<\/strong> <\/span>\u2014 Se montrer fort et engag\u00e9 sur ses valeurs suscite l&rsquo;admiration et la confiance.<\/p>\n<p class=\"font-claude-response-body break-words whitespace-normal leading-[1.7]\"><span style=\"color: #ff9900;\"><strong>Fixer des objectifs ambitieux mais r\u00e9alisables<\/strong><\/span> \u2014 Cette posture transmet de l&rsquo;enthousiasme tout en rassurant sur la faisabilit\u00e9 du projet. L&rsquo;auditoire veut \u00eatre inspir\u00e9 <em>et<\/em> rassur\u00e9.<\/p>\n<h2 style=\"text-align: justify;\">4 &#8211; Ma\u00eetriser le langage corporel : la voix, le regard, la gestuelle<\/h2>\n<p class=\"font-claude-response-body break-words whitespace-normal leading-[1.7]\">Le langage du corps est un <strong>vecteur de communication majeur<\/strong> : il peut renforcer ou trahir le message verbal. Sa ma\u00eetrise s&rsquo;articule autour de trois axes.<\/p>\n<h3 style=\"text-align: justify;\">&gt; La modulation de la voix<\/h3>\n<p class=\"font-claude-response-body break-words whitespace-normal leading-[1.7]\">Varier les intonations \u2014 du murmure au haussement de ton \u2014 permet de transmettre toute la palette des \u00e9motions (peur, joie, surprise, conviction\u2026). Les <strong>temps de pause<\/strong> sont particuli\u00e8rement puissants : ils appuient la cr\u00e9dibilit\u00e9 et laissent au message le temps de s&rsquo;installer.<\/p>\n<h3 style=\"text-align: justify;\">&gt; Le regard et les expressions faciales<\/h3>\n<p class=\"font-claude-response-body break-words whitespace-normal leading-[1.7]\">Un regard franc et direct, associ\u00e9 \u00e0 des expressions appuy\u00e9es (sourire, froncement de sourcils), <strong>renforce l&rsquo;\u00e9coute et l&rsquo;identification<\/strong>. Le visage est un miroir \u00e9motionnel que l&rsquo;auditoire lit en permanence.<\/p>\n<h3 style=\"text-align: justify;\">&gt; La gestuelle et la posture<\/h3>\n<p class=\"font-claude-response-body break-words whitespace-normal leading-[1.7]\">Une posture qui <strong>occupe l&rsquo;espace<\/strong> et des mouvements assur\u00e9s (mains, bras) rehaussent l&rsquo;autorit\u00e9 et la confiance. \u00c0 l&rsquo;inverse, une gestuelle ferm\u00e9e ou agit\u00e9e trahit un \u00e9tat int\u00e9rieur nerveux \u2014 et fragilise la cr\u00e9dibilit\u00e9.<\/p>\n<p style=\"text-align: justify;\">Comme tout nouvel apprentissage, il est n\u00e9cessaire de pr\u00e9parer ses futures <strong><a href=\"https:\/\/www.capitecorpus.com\/formation-communication-orale\/formation-prise-de-parole-en-public-niveau-1\" target=\"_blank\" rel=\"noopener\">interventions orales<\/a><\/strong> pour s\u2019entrainer \u00e0 manier avec fluidit\u00e9 les TLC choisies. La spontan\u00e9it\u00e9 sera bient\u00f4t acquise et prendra le pas progressivement sur le trac et les appr\u00e9hensions. Pour autant, le charisme est propre \u00e0 chacun et doit refl\u00e9ter votre personnalit\u00e9 vraie pour convaincre par votre <strong>authenticit\u00e9<\/strong>.<\/p>\n<div style=\"border: 2px solid #ff9849; padding: 15px;\">\n<h2 class=\"text-text-100 mt-3 -mb-1 text-[1.125rem] font-bold\">Les b\u00e9n\u00e9fices concrets des Tactiques du Leadership Charismatique (TLC)<\/h2>\n<p class=\"font-claude-response-body break-words whitespace-normal leading-[1.7]\">Ma\u00eetriser ces techniques produit des effets mesurables en situation professionnelle :<\/p>\n<ul class=\"[li_&amp;]:mb-0 [li_&amp;]:mt-1 [li_&amp;]:gap-1 [&amp;:not(:last-child)_ul]:pb-1 [&amp;:not(:last-child)_ol]:pb-1 list-disc flex flex-col gap-1 pl-8 mb-3\">\n<li class=\"whitespace-normal break-words pl-2\">Augmenter son <strong>pouvoir d&rsquo;identification<\/strong> aupr\u00e8s de l&rsquo;auditoire<\/li>\n<li class=\"whitespace-normal break-words pl-2\">Cr\u00e9er des <strong>liens authentiques<\/strong> avec ses interlocuteurs<\/li>\n<li class=\"whitespace-normal break-words pl-2\"><strong>Captiver<\/strong> et maintenir l&rsquo;attention sur la dur\u00e9e<\/li>\n<li class=\"whitespace-normal break-words pl-2\"><strong>Donner envie<\/strong> aux autres de vous suivre<\/li>\n<li class=\"whitespace-normal break-words pl-2\">Faciliter <strong>l&rsquo;adh\u00e9sion<\/strong> \u00e0 ses id\u00e9es et projets<\/li>\n<\/ul>\n<\/div>\n<p>&nbsp;<\/p>\n<p>[\/et_pb_text][et_pb_button button_url=\u00a0\u00bbhttps:\/\/www.capitecorpus.com\/formation-communication-soft-skills\/developper-son-leadership\/\u00a0\u00bb url_new_window=\u00a0\u00bbon\u00a0\u00bb button_text=\u00a0\u00bbD\u00e9couvrez notre formation D\u00e9velopper son leadership\u00a0\u00bb _builder_version=\u00a0\u00bb4.24.2&Prime; _module_preset=\u00a0\u00bbdefault\u00a0\u00bb custom_button=\u00a0\u00bbon\u00a0\u00bb button_text_size=\u00a0\u00bb17px\u00a0\u00bb button_text_color=\u00a0\u00bb#df0f02&Prime; button_font=\u00a0\u00bb|600|||||||\u00a0\u00bb locked=\u00a0\u00bboff\u00a0\u00bb global_colors_info=\u00a0\u00bb{}\u00a0\u00bb][\/et_pb_button][et_pb_button button_url=\u00a0\u00bbhttps:\/\/www.capitecorpus.com\/formation-communication-soft-skills\/formation-prise-de-parole-en-public-niveau-1\/\u00a0\u00bb url_new_window=\u00a0\u00bbon\u00a0\u00bb button_text=\u00a0\u00bbD\u00e9couvrez notre formation Prise de parole en public : Fondamentaux\u00a0\u00bb _builder_version=\u00a0\u00bb4.24.2&Prime; _module_preset=\u00a0\u00bbdefault\u00a0\u00bb custom_button=\u00a0\u00bbon\u00a0\u00bb button_text_size=\u00a0\u00bb17px\u00a0\u00bb button_text_color=\u00a0\u00bb#df0f02&Prime; button_font=\u00a0\u00bb|600|||||||\u00a0\u00bb locked=\u00a0\u00bboff\u00a0\u00bb global_colors_info=\u00a0\u00bb{}\u00a0\u00bb][\/et_pb_button][\/et_pb_column][\/et_pb_row][\/et_pb_section]<\/p>\n","protected":false},"excerpt":{"rendered":"<p>Le charisme est-il inn\u00e9 ou peut-il s&rsquo;apprendre ? Le charisme se d\u00e9finit comme la capacit\u00e9 d&rsquo;une personne \u00e0 s\u00e9duire, influencer et fasciner les autres par ses discours, son attitude et son temp\u00e9rament, tout en apparaissant confiante et ma\u00eetresse de ses \u00e9motions. Si certains individus en sont naturellement pourvus, le charisme est avant tout un ensemble [&hellip;]<\/p>\n","protected":false},"author":3,"featured_media":3970,"comment_status":"open","ping_status":"open","sticky":false,"template":"","format":"standard","meta":{"_et_pb_use_builder":"on","_et_pb_old_content":"<p style=\"text-align: justify;\">Pourquoi le <a href=\"https:\/\/www.capitecorpus.com\/formation-management\/formation-leadership\" target=\"_blank\" rel=\"noopener\"><strong>charisme<\/strong><\/a> est-il une qualit\u00e9 qui rev\u00eat une aura fascinante et force l\u2019admiration aux yeux de la plupart des\u00a0gens\u00a0? Parce que c\u2019<em>est celle d\u2019une personne qui s\u00e9duit, influence, voire fascine les autres par ses discours, ses attitudes, son temp\u00e9rament, ses actions\u00a0et qui apparait comme confiante et maitre de ses \u00e9motions. <\/em>Si le charisme est une aptitude inn\u00e9e, il peut se travailler et se d\u00e9velopper chez ceux qui en sont naturellement peu pourvus. En effet, bien plus qu\u2019une qualit\u00e9, le charisme est aussi un ensemble de comp\u00e9tences qui inspire la confiance et le respect. Voil\u00e0 pourquoi, en entreprise, le charisme am\u00e8ne volontiers au <a href=\"https:\/\/www.capitecorpus.com\/formation-management\/formation-leadership\" target=\"_blank\" rel=\"noopener\"><strong>leadership<\/strong><\/a>\u00a0: Selon Peter Northouse, professeur de communication am\u00e9ricain, \u00ab\u00a0Le leadership est la capacit\u00e9 d\u2019une personne \u00e0 influencer et \u00e0 f\u00e9d\u00e9rer un groupe, pour atteindre un but commun, dans une relation de confiance mutuelle, et pour une dur\u00e9e limit\u00e9e\u00a0\u00bb.<\/p>\r\n<p style=\"text-align: justify;\">Pour amener une personne a davantage de charisme, il existe des tactiques du <strong><a href=\"https:\/\/www.capitecorpus.com\/formation-management\/formation-leadership\" target=\"_blank\" rel=\"noopener\">leadership charismatique<\/a><\/strong> (TLC). Avec ces TLC dans sa bo\u00eete \u00e0 outils et un entrainement r\u00e9gulier, le charisme devient \u00e0 la port\u00e9e de tous et surtout, il permet de rendre ses interventions orales m\u00e9morables\u2026 Comment\u00a0?<\/p>\r\n\r\n<h2 style=\"text-align: justify;\">1- Cr\u00e9er des liens et manier\u00a0les esprits en jouant sur les comparaisons et les contrastes<\/h2>\r\n<p style=\"text-align: justify;\">Comment une personne charismatique am\u00e8ne-t-elle son auditoire \u00e0 capter son message et \u00e0 le m\u00e9moriser\u00a0? <strong>Par l\u2019identification<\/strong>. Une fois que l\u2019interlocuteur s\u2019identifie au message d\u00e9livr\u00e9, il va se sentir en lien avec son orateur. Comprendre et s\u2019en souvenir sera d\u2019autant plus facile. Pour cr\u00e9er ce lien, cette identification, le leader va avoir \u00e0 sa disposition plusieurs figures de style\u00a0:<\/p>\r\n\r\n<ul style=\"text-align: justify;\">\r\n \t<li>Les m\u00e9taphores.<\/li>\r\n \t<li>Les discours imag\u00e9s.<\/li>\r\n \t<li>Les analogies.<\/li>\r\n<\/ul>\r\n<p style=\"text-align: justify;\"><span style=\"color: #fd9852;\"><strong><em>\u2192<\/em><\/strong><em><strong> \"La vie, c\u2019est comme une bicyclette, il faut avancer pour ne pas perdre l\u2019\u00e9quilibre.\" \u00a0Albert Einstein<\/strong> <\/em><\/span><\/p>\r\n\r\n<ul style=\"text-align: justify;\">\r\n \t<li><span style=\"color: #000000;\">Les histoires et anecdotes.<\/span><\/li>\r\n \t<li><span style=\"color: #000000;\">Les contrastes entre raison et passion dans une m\u00eame \u00e9locution<em>.<\/em><\/span><\/li>\r\n<\/ul>\r\n<p style=\"text-align: justify;\"><span style=\"color: #fd9852;\"><strong><em>\u2192<\/em><\/strong><em><strong> \"Ne vous demandez-pas ce que votre pays peut faire pour vous mais demandez-vous ce que vous pouvez faire pour votre pays.\" \u00a0JFK<\/strong> <\/em><\/span><\/p>\r\n\r\n<h2 style=\"text-align: justify;\">2 - Captiver et condenser<\/h2>\r\n<h3 style=\"text-align: justify;\">&gt; Avec des questions rh\u00e9toriques<\/h3>\r\n<p style=\"text-align: justify;\">Le principe ici est de poser une question mais sans forc\u00e9ment attendre la r\u00e9ponse car l\u2019orateur la connait d\u00e9j\u00e0. Cette figure de style am\u00e8ne principalement \u00e0 soulever des probl\u00e9matiques, des questionnements, voire \u00e0 induire la r\u00e9ponse. Par voie de cons\u00e9quence l\u2019auditoire se sentira plus facilement engag\u00e9 dans une cause. Si la question rh\u00e9torique contient aussi une m\u00e9taphore, le pouvoir de rassemblement sera encore plus fort.<\/p>\r\n<p style=\"text-align: justify;\"><span style=\"color: #fd9852;\"><strong>\u2192 \u00ab\u00a0Quelle \u00e9volution souhaitez-vous pour l\u2019avenir? Travailler plus sans augmentation de salaire ou bien une fusion avec une soci\u00e9t\u00e9 pour amener plus de moyens et de rentabilit\u00e9\u00a0?\u00a0\u00bb<\/strong><\/span><\/p>\r\n\r\n<h3 style=\"text-align: justify;\">&gt; Avec des listes \u00e0 trois volets<\/h3>\r\n<p style=\"text-align: justify;\">Cette TLC regroupe 3 concepts en un seul message.<\/p>\r\n<p style=\"text-align: justify;\"><span style=\"color: #fd9852;\"><strong>\u2192 \u00ab\u00a0Il existe trois choses \u00e0 exp\u00e9rimenter pour devenir leader sur le march\u00e9... \u00bb<\/strong><\/span><\/p>\r\n\r\n<h2 style=\"text-align: justify;\">3 - Potentialiser\u00a0son int\u00e9grit\u00e9,\u00a0asseoir\u00a0son autorit\u00e9 et communiquer son enthousiasme<\/h2>\r\n<p style=\"text-align: justify;\">L\u00e0 encore, il s\u2019agit d\u2019amener l\u2019auditoire \u00e0 s\u2019identifier au leader et \u00e0 adh\u00e9rer \u00e0 son discours.<\/p>\r\n\r\n<h3 style=\"text-align: justify;\">&gt; Parler\u00a0de sentiments<\/h3>\r\n<p style=\"text-align: justify;\">Le sentiment d\u2019appartenance au groupe sera particuli\u00e8rement propice \u00e0 l\u2019identification.<\/p>\r\n\r\n<h3 style=\"text-align: justify;\">&gt; Montrer\u00a0ses convictions morales<\/h3>\r\n<p style=\"text-align: justify;\">En se montrant fort et engag\u00e9, le leader va attirer l\u2019admiration de son auditoire.<\/p>\r\n\r\n<h3 style=\"text-align: justify;\">&gt; D\u00e9finir\u00a0des objectifs ambitieux mais r\u00e9alisables<\/h3>\r\n<p style=\"text-align: justify;\">De cette mani\u00e8re, l\u2019orateur transmet son enthousiasme tout en donnant confiance gr\u00e2ce \u00e0 la faisabilit\u00e9 du projet.<\/p>\r\n\r\n<h2 style=\"text-align: justify;\">4 - Exploiter\u00a0sa voix et son corps<\/h2>\r\n<p style=\"text-align: justify;\">Savoir tirer profit de son\u00a0langage corporel est un atout majeur car c\u2019est un des principaux vecteurs de communication.<\/p>\r\n\r\n<h3 style=\"text-align: justify;\">&gt; Moduler\u00a0sa voix<\/h3>\r\n<p style=\"text-align: justify;\">En jouant sur les intonations, du murmure au haussement de ton, la voix laisse passer toutes les \u00e9motions. Les temps de pause sont \u00e9galement \u00e0 inclure dans le discours pour appuyer sa cr\u00e9dibilit\u00e9.<\/p>\r\n<p style=\"text-align: justify;\"><span style=\"color: #fd9852;\"><strong><em>\u2192<\/em><em> Peur, tristesse, joie, excitation, surprise, col\u00e8re, d\u00e9go\u00fbt.<\/em><\/strong><\/span><\/p>\r\n\r\n<h3 style=\"text-align: justify;\">&gt; Jouer\u00a0avec les expressions de son visage et le regard.<\/h3>\r\n<p style=\"text-align: justify;\">L\u2019\u00e9coute et la m\u00e9morisation sont toujours renforc\u00e9es par un visuel parlant. Ici les expressions faciales associ\u00e9es \u00e0 un regard franc, confiant, percutant, vont venir refl\u00e9ter des sentiments pour amener \u00e0 l\u2019identification.<\/p>\r\n<p style=\"text-align: justify;\"><span style=\"color: #fd9852;\"><strong><em>\u2192<\/em> <em>sourire, froncer les sourcils, rire.<\/em><\/strong><\/span><\/p>\r\n\r\n<h3 style=\"text-align: justify;\">&gt; Adapter\u00a0sa gestuelle<\/h3>\r\n<p style=\"text-align: justify;\">Les mains, les bras, la posture sont les moyens pour rehausser la confiance, la certitude, le pouvoir tout en attirant l\u2019attention. En aucun cas, ils ne doivent trahir un \u00e9tat int\u00e9rieur nerveux.<\/p>\r\n<p style=\"text-align: justify;\"><span style=\"color: #fd9852;\"><strong><em>\u2192<\/em> <em>un poing, balayer la salle de la main, claquer des doigts, une posture qui occupe l\u2019espace, la main sur le menton en inclinant la t\u00eate.<\/em><\/strong><\/span><\/p>\r\n<p style=\"text-align: justify;\">Comme tout nouvel apprentissage, il est n\u00e9cessaire de pr\u00e9parer ses futures <strong><a href=\"https:\/\/www.capitecorpus.com\/formation-communication-orale\/formation-prise-de-parole-en-public-niveau-1\" target=\"_blank\" rel=\"noopener\">interventions orales<\/a><\/strong> pour s\u2019entrainer \u00e0 manier avec fluidit\u00e9 les TLC choisies. La spontan\u00e9it\u00e9 sera bient\u00f4t acquise et prendra le pas progressivement sur le trac et les appr\u00e9hensions. Pour autant, le charisme est propre \u00e0 chacun et doit refl\u00e9ter votre personnalit\u00e9 vraie pour convaincre par votre authenticit\u00e9.<\/p>\r\n\r\n<div style=\"border: 2px solid #ff9849; padding: 15px;\">\r\n<h3 style=\"letter-spacing: -0.01em; text-align: justify;\">Les bienfaits\u00a0\u00e0 manier les TLC\u00a0:<\/h3>\r\n<ul>\r\n \t<li style=\"text-align: justify;\">Augmenter le pouvoir d'identification<\/li>\r\n \t<li style=\"text-align: justify;\">Cr\u00e9er des liens avec son auditoire<\/li>\r\n \t<li style=\"text-align: justify;\">Apprendre \u00e0 captiver<\/li>\r\n \t<li style=\"text-align: justify;\">Donner confiance, donner envie de vous suivre<\/li>\r\n \t<li style=\"text-align: justify;\">Faciliter l'adh\u00e9sion de son interlocuteur \u00e0 sa cause<\/li>\r\n<\/ul>\r\n<\/div>\r\n&nbsp;\r\n\r\n<a href=\"https:\/\/www.capitecorpus.com\/formation-management\/formation-leadership\" target=\"_blank\" rel=\"noopener\"><img class=\"alignnone size-full wp-image-2209\" src=\"https:\/\/www.capitecorpus.com\/blog\/wp-content\/uploads\/2019\/06\/cta_lea-2.png\" alt=\"D\u00e9couvrir notre formation D\u00e9velopper son leadership\" width=\"554\" height=\"31\" \/><\/a>\r\n\r\n<a href=\"https:\/\/www.capitecorpus.com\/formation-communication-orale\/formation-prise-de-parole-en-public-niveau-1\" target=\"_blank\" rel=\"noopener\"><img class=\"alignnone size-full wp-image-2207\" src=\"https:\/\/www.capitecorpus.com\/blog\/wp-content\/uploads\/2019\/06\/cta_ppp.png\" alt=\"D\u00e9couvrir notre formation Prise de parole en public : fondamentaux\" width=\"598\" height=\"30\" \/><\/a>","_et_gb_content_width":"","footnotes":""},"categories":[3,136,4,7,10,137,12],"tags":[],"class_list":["post-2198","post","type-post","status-publish","format-standard","has-post-thumbnail","hentry","category-boite-a-outils","category-commercial","category-communication-orale","category-efficacite-relationnelle","category-management","category-telephone","category-vente","et-has-post-format-content","et_post_format-et-post-format-standard"],"views":3117,"_links":{"self":[{"href":"https:\/\/www.capitecorpus.com\/blog\/wp-json\/wp\/v2\/posts\/2198","targetHints":{"allow":["GET"]}}],"collection":[{"href":"https:\/\/www.capitecorpus.com\/blog\/wp-json\/wp\/v2\/posts"}],"about":[{"href":"https:\/\/www.capitecorpus.com\/blog\/wp-json\/wp\/v2\/types\/post"}],"author":[{"embeddable":true,"href":"https:\/\/www.capitecorpus.com\/blog\/wp-json\/wp\/v2\/users\/3"}],"replies":[{"embeddable":true,"href":"https:\/\/www.capitecorpus.com\/blog\/wp-json\/wp\/v2\/comments?post=2198"}],"version-history":[{"count":7,"href":"https:\/\/www.capitecorpus.com\/blog\/wp-json\/wp\/v2\/posts\/2198\/revisions"}],"predecessor-version":[{"id":4371,"href":"https:\/\/www.capitecorpus.com\/blog\/wp-json\/wp\/v2\/posts\/2198\/revisions\/4371"}],"wp:featuredmedia":[{"embeddable":true,"href":"https:\/\/www.capitecorpus.com\/blog\/wp-json\/wp\/v2\/media\/3970"}],"wp:attachment":[{"href":"https:\/\/www.capitecorpus.com\/blog\/wp-json\/wp\/v2\/media?parent=2198"}],"wp:term":[{"taxonomy":"category","embeddable":true,"href":"https:\/\/www.capitecorpus.com\/blog\/wp-json\/wp\/v2\/categories?post=2198"},{"taxonomy":"post_tag","embeddable":true,"href":"https:\/\/www.capitecorpus.com\/blog\/wp-json\/wp\/v2\/tags?post=2198"}],"curies":[{"name":"wp","href":"https:\/\/api.w.org\/{rel}","templated":true}]}}