{"id":2367,"date":"2020-01-30T10:20:38","date_gmt":"2020-01-30T09:20:38","guid":{"rendered":"https:\/\/www.capitecorpus.com\/blog\/?p=2367"},"modified":"2020-01-30T10:59:11","modified_gmt":"2020-01-30T09:59:11","slug":"linfluence-et-le-pouvoir-des-styles-linguistiques","status":"publish","type":"post","link":"https:\/\/www.capitecorpus.com\/blog\/linfluence-et-le-pouvoir-des-styles-linguistiques\/","title":{"rendered":"L&rsquo;influence et le pouvoir des styles linguistiques"},"content":{"rendered":"<p class=\"p1\" style=\"text-align: justify;\"><span class=\"s1\">Communiquer veut dire <span style=\"color: #fd9852;\"><strong>transmettre<\/strong><\/span>, <span style=\"color: #fd9852;\"><strong>expliquer<\/strong><\/span>, <span style=\"color: #fd9852;\"><strong>partager une information<\/strong><\/span>. Pr\u00e9sent\u00e9 de cette mani\u00e8re, communiquer semble \u00eatre un jeu d\u2019enfants puisque nous sommes tous capables de parler. Pour autant tout le monde ne s\u2019exprime pas de la m\u00eame mani\u00e8re et c\u2019est pr\u00e9cis\u00e9ment l\u00e0 que r\u00e9side le point n\u00e9vralgique de la communication. Parce que chacun de nous est <span style=\"color: #fd9852;\"><strong>singulier<\/strong><\/span>, notre mani\u00e8re de nous exprimer et d\u2019\u00e9couter diff\u00e8re d\u2019une personne \u00e0 une autre. Il en r\u00e9sulte autant de probabilit\u00e9s de quiproquos qui s&rsquo;immiscent dans les conversations. Nous avons tous tendance \u00e0 trouver \u00e9vidente la logique de notre propre style. Or, pour bien communiquer il est important de savoir d\u2019o\u00f9 provient cette diff\u00e9rence de langage et comment se comprendre malgr\u00e9 cette h\u00e9t\u00e9rog\u00e9n\u00e9it\u00e9.<\/span><\/p>\n<p class=\"p1\" style=\"text-align: left;\"><span class=\"s1\">Deborah Tannen, professeure de linguistique \u00e0 l\u2019universit\u00e9 de Georgetown, a \u00e9tudi\u00e9 l\u2019influence des styles linguistiques sur les conversations et relations humaines appliqu\u00e9e au monde du travail. Selon les r\u00e9sultats de ses observations, la mani\u00e8re de parler se construit pendant <span style=\"color: #fd9852;\"><strong>l\u2019enfance<\/strong><\/span> et diff\u00e8re selon les <span style=\"color: #fd9852;\"><strong>v\u00e9cus<\/strong><\/span>, les <span style=\"color: #fd9852;\"><strong>sexes<\/strong><\/span> et les <span style=\"color: #fd9852;\"><strong>cultures<\/strong><\/span>. L\u2019utilisation d\u2019un langage serait donc un comportement social acquis. Elle nous communique ici quelques pistes de compr\u00e9hension pour mieux se faire entendre et \u00e9viter les malentendus.<\/span><\/p>\n<h2 class=\"p1\" style=\"text-align: justify;\">Le style linguistique : d\u00e9finition<\/h2>\n<p class=\"p1\" style=\"text-align: justify;\"><span class=\"s1\">Selon Deborah Tannen, \u00ab<em>c\u2019est un ensemble de signaux acquis s\u2019inscrivant dans une culture, selon lesquels nous communiquons nos intentions, interpr\u00e9tons les messages d\u2019autres individus et nous jaugeons mutuellement en tant que personnes<\/em>\u00bb.<\/span><\/p>\n<p class=\"p1\" style=\"text-align: justify; letter-spacing: -0.008em;\"><span class=\"s1\">Il se rapporte aux sch\u00e9mas d\u2019expression orale caract\u00e9ristiques d\u2019une personne et comprend :<\/span><\/p>\n<ul style=\"text-align: justify;\">\n<li class=\"p1\"><span class=\"s1\">La <a href=\"https:\/\/www.capitecorpus.com\/formation-communication-orale\/formation-prise-de-parole-en-public-niveau-1\" target=\"_blank\"><strong>prise de parole<\/strong><\/a><\/span><\/li>\n<li class=\"p1\"><span class=\"s1\">La <span style=\"color: #fd9852;\"><strong>fa\u00e7on de parler<\/strong> <\/span>: directe ou indirecte<\/span><\/li>\n<li class=\"p1\"><span class=\"s1\">Le <span style=\"color: #fd9852;\"><strong>rythme<\/strong><\/span> : rapide ou avec des pauses<\/span><\/li>\n<li class=\"p1\"><span class=\"s1\">Le<span style=\"color: #fd9852;\"> <strong>choix des mots<\/strong><\/span><\/span><\/li>\n<li class=\"p1\"><span class=\"s1\"><span style=\"color: #fd9852;\"><strong>L\u2019utilisation d\u2019\u00e9l\u00e9ments<\/strong><\/span> comme des plaisanteries, des anecdotes, des figures de style, des questions, des excuses<\/span><\/li>\n<\/ul>\n<h2 style=\"text-align: justify;\">Comment les styles linguistiques influent-ils sur la conversation ?<\/h2>\n<p class=\"p1\" style=\"text-align: justify;\"><span class=\"s1\">La conversation est \u00abune activit\u00e9 o\u00f9 chacun intervient \u00e0 tour de r\u00f4le\u00bb : Paul parle, Jacques \u00e9coute puis Jacques r\u00e9pond \u00e0 Paul. Cet \u00e9change est conditionn\u00e9 par des <span style=\"color: #fd9852;\"><strong>facteurs culturels<\/strong><\/span>. Ceux-ci permettent de d\u00e9coder les signes qui indiquent que Paul a fini de parler et que Jacques peut prendre la parole. Une parole transmet une information \u00e0 2 niveaux : au niveau du langage audible et \u00e0 un niveau plus subtile de communication. Ainsi, il est important de conna\u00eetre les <span style=\"color: #fd9852;\"><strong>codes de langage<\/strong><\/span> pour d\u00e9crypter l\u2019invisible. Car il y a toujours une diff\u00e9rence de sens en fonction de la forme. Nous l\u2019avons dit, le langage est une forme de comportement social : la mani\u00e8re dont on parle rev\u00eat une signification toute autre que la parole stricto sensu. <\/span><\/p>\n<p class=\"p1\" style=\"text-align: left;\"><span class=\"s1\">Pour illustrer ce propos, prenons l\u2019exemple d\u2019une phrase que Jacques pourrait dire \u00e0 Paul, mais exprim\u00e9e de diff\u00e9rentes mani\u00e8res :<\/span><\/p>\n<p class=\"p1\" style=\"text-align: justify;\"><span class=\"s1\">\u00ab<em>Installez-vous!<\/em>\u00bb traduit un \u00e9tat sup\u00e9rieur de Jacques face \u00e0 Paul.<\/span><\/p>\n<p class=\"p1\" style=\"text-align: justify;\"><span class=\"s1\">\u00ab<em>Faites-moi l\u2019honneur de bien vouloir vous installer<\/em>\u00bb traduit un \u00e9tat de grand respect de Jacques vis-\u00e0-vis de Paul.<\/span><\/p>\n<p class=\"p1\" style=\"text-align: justify;\"><span class=\"s1\">\u00ab<em>Vous me semblez bien fatigu\u00e9, n\u2019h\u00e9sitez pas \u00e0 vous installer<\/em>\u00bb traduit un \u00e9tat d\u2019inqui\u00e9tude de Jacques pour Paul.<\/span><\/p>\n<h2 class=\"p1\" style=\"text-align: justify;\">La diff\u00e9rence de langage et de style en fonction des hommes, des femmes et des cultures<\/h2>\n<p class=\"p1\" style=\"text-align: justify;\"><span class=\"s1\">Sans mettre tout le monde dans des cases, il est d\u00e9montr\u00e9 que les styles de langage diff\u00e8rent selon que l\u2019on est un homme ou une femme.<\/span><\/p>\n<p class=\"p1\" style=\"text-align: justify;\"><span class=\"s1\">Les \u00e9tudes r\u00e9v\u00e8lent que les filles acqui\u00e8rent des rituels conversationnels focalis\u00e9s sur l\u2019aspect \u00ab<span style=\"color: #fd9852;\"><strong>lien<\/strong><\/span>\u00bb. Elles apprennent \u00e0 s\u2019exprimer en tenant compte de leurs besoins et de ceux des autres. Quant aux gar\u00e7ons, ils assimilent des rituels bas\u00e9s sur le <span style=\"color: #fd9852;\"><strong>statut<\/strong><\/span> tendant \u00e0 faire ressortir un meneur dans un groupe.<\/span><\/p>\n<p class=\"p1\" style=\"text-align: justify;\"><span class=\"s1\">Les hommes parlent pour \u00eatre en position de sup\u00e9riorit\u00e9 et se sentir en pouvoir. Il n\u2019appr\u00e9cient pas de perdre la face et de ce fait font attention aux questions qu\u2019ils posent. A l\u2019inverse, les femmes sont plus sensibles \u00e0 l\u2019autre et cherchent \u00e0 \u00e9viter de le placer en inf\u00e9riorit\u00e9. <\/span><\/p>\n<p class=\"p1\" style=\"text-align: justify;\"><span class=\"s1\">Les hommes parlent volontiers \u00e0 la premi\u00e8re personne du singulier \u00abje\u00bb alors que les femmes parlent plut\u00f4t \u00e0 la premi\u00e8re personne du pluriel \u00abnous\u00bb.<\/span><\/p>\n<p class=\"p1\" style=\"text-align: justify;\"><span class=\"s1\">Un homme va avoir tendance \u00e0 glorifier ses succ\u00e8s alors qu\u2019une femme va jouer la carte <\/span><span class=\"s1\">de l\u2019humilit\u00e9 face \u00e0 son sup\u00e9rieur hi\u00e9rarchique. Le manager f\u00e9minin va vouloir temp\u00e9rer les discussions pour maintenir l\u2019harmonie dans son \u00e9quipe, mais en contrepartie, elle peut se draper d\u2019une r\u00e9putation de personne sans autorit\u00e9.<\/span><\/p>\n<p class=\"p1\" style=\"text-align: justify;\"><span class=\"s1\">Les femmes sont plus enclines aux compliments que les hommes. Elles cherchent \u00e0 valoriser et \u00e0 \u00eatre valoris\u00e9es en retour. Les hommes restent plus objectifs et factuels, davantage soucieux de ne pas perdre la face et de rester en position de sup\u00e9riorit\u00e9.<\/span><\/p>\n<p class=\"p1\" style=\"text-align: justify;\"><span class=\"s1\">L\u2019opposition rituelle est un style majoritairement masculin. Il consiste en une \u00abexploration \u00e0 travers une joute verbale\u00bb. Pour les non initi\u00e9s, ce style linguistique s\u2019apparente davantage \u00e0 une dispute qu\u2019\u00e0 un rituel conversationnel. Sans ma\u00eetrise de ce style, un interlocuteur pourra para\u00eetre en manque de confiance vis-\u00e0-vis de ses propres id\u00e9es.<\/span><\/p>\n<p class=\"p1\" style=\"text-align: justify;\"><span class=\"s1\">Les phrases d\u2019entr\u00e9e en mati\u00e8re n\u2019appellent pas de r\u00e9ponse particuli\u00e8re mais permettent de d\u00e9buter une conversation. Le sens de ces phrases divergent selon la culture des protagonistes. Les am\u00e9ricains demanderont \u00ab<em>Comment allez-vous?<\/em>\u00bb et les Philippins \u00ab<em>O\u00f9 allez-vous ?<\/em>\u00bb.<\/span><\/p>\n<h2 class=\"p1\" style=\"text-align: justify;\">Le style linguistique appliqu\u00e9 au lien hi\u00e9rarchique<\/h2>\n<p class=\"p1\" style=\"text-align: justify;\"><span class=\"s1\">Pour faire un feed-back, doit-on mod\u00e9rer sa critique en d\u00e9marrant par les points positifs ou aller tout de suite dans le vif du sujet ? Autrement dit, faut-il privil\u00e9gier la mani\u00e8re directe ou bien d\u00e9tourn\u00e9e pour exprimer des choses ? <\/span><\/p>\n<p class=\"p1\" style=\"text-align: justify;\"><span class=\"s1\"><span style=\"color: #fd9852;\"><strong>Tout d\u00e9pend de la personne en face de soi<\/strong><\/span>. Eliane appr\u00e9cierait une entr\u00e9e en mati\u00e8re positive pour ne pas se sentir d\u00e9valoris\u00e9e alors que Jacques lui, pr\u00e9f\u00e9rerait une \u00e9valuation franche et directe afin de conna\u00eetre pr\u00e9cis\u00e9ment les points \u00e0 am\u00e9liorer.<\/span><\/p>\n<p class=\"p1\" style=\"text-align: justify;\"><span class=\"s1\">En tout \u00e9tat de cause, un dirigeant sera plus enclin \u00e0 favoriser une personne dont le style linguistique est proche du sien. Pour se faire comprendre de son manager, il est important d\u2019apprendre \u00e0 s\u2019exprimer de mani\u00e8re plus affirmative. En retour, pour mieux comprendre son sup\u00e9rieur, il est judicieux d\u2019apprendre \u00e0 reconna\u00eetre les allusions que celui-ci peut vous faire ou son code de r\u00e9f\u00e9rence.<\/span><\/p>\n<h2 class=\"p1\" style=\"text-align: justify;\">Mais alors quelle est la meilleure mani\u00e8re de se faire comprendre ?<\/h2>\n<p class=\"p1\" style=\"text-align: justify;\"><span class=\"s1\">Vous l\u2019avez devin\u00e9, il n\u2019y en a aucune \u00e9tant donn\u00e9 la multiplicit\u00e9 de contextes, de personnalit\u00e9s, de style linguistiques. Alors, le manager qui a conscience de toutes ces subtilit\u00e9s pourra d\u00e9velopper des m\u00e9thodes <span style=\"color: #fd9852;\"><strong>plus adaptatives et flexibles<\/strong><\/span> afin de correspondre \u00e0 la mani\u00e8re de s\u2019exprimer de chaque personne.<\/span><\/p>\n<p class=\"p1\" style=\"text-align: justify;\"><span class=\"s1\">La cl\u00e9 de la r\u00e9ussite en communication n\u2019est-elle pas d\u2019ajuster son style \u00e0 celui de son interlocuteur ?<\/span><\/p>\n<div style=\"border: 2px solid #ff9849; padding: 15px; text-align: justify;\">\n<h3 style=\"letter-spacing: -0.01em; text-align: justify;\">Points \u00e0 retenir :<\/h3>\n<ul>\n<li style=\"text-align: justify;\">La mani\u00e8re d&rsquo;\u00e9couter et de s&rsquo;exprimer d\u00e9pend de notre <span style=\"color: #fd9852;\"><strong>v\u00e9cu<\/strong><\/span>, de notre <span style=\"color: #fd9852;\"><strong>enfance<\/strong><\/span>, de notre <span style=\"color: #fd9852;\"><strong>sexe<\/strong><\/span> et de notre <span style=\"color: #fd9852;\"><strong>culture<\/strong><\/span>.<\/li>\n<li style=\"text-align: justify;\">La mani\u00e8re de parler va <span style=\"color: #fd9852;\"><strong>donner la signification<\/strong><\/span> de la phrase.<\/li>\n<li style=\"text-align: justify;\">Les hommes et les femmes peuvent avoir des <span style=\"color: #fd9852;\"><strong>styles linguistiques diff\u00e9rents<\/strong><\/span>.<\/li>\n<li style=\"text-align: justify;\">Bien se faire comprendre, passe en partie par <span style=\"color: #fd9852;\"><strong>une adaptation aux codes linguistiques<\/strong><\/span> de son interlocuteur.<\/li>\n<\/ul>\n<\/div>\n<p><span style=\"color: #ffffff;\">..<\/span><\/p>\n<p><a href=\"https:\/\/www.capitecorpus.com\/formation-communication-orale\" target=\"_blank\"><img loading=\"lazy\" decoding=\"async\" class=\"alignnone size-full wp-image-2370 alignleft\" src=\"https:\/\/www.capitecorpus.com\/blog\/wp-content\/uploads\/2020\/01\/cta_comm_orale.png\" alt=\"D\u00e9couvrir nos formations Communication orale\" width=\"554\" height=\"30\" srcset=\"https:\/\/www.capitecorpus.com\/blog\/wp-content\/uploads\/2020\/01\/cta_comm_orale.png 554w, https:\/\/www.capitecorpus.com\/blog\/wp-content\/uploads\/2020\/01\/cta_comm_orale-300x16.png 300w, https:\/\/www.capitecorpus.com\/blog\/wp-content\/uploads\/2020\/01\/cta_comm_orale-533x30.png 533w, https:\/\/www.capitecorpus.com\/blog\/wp-content\/uploads\/2020\/01\/cta_comm_orale-534x30.png 534w\" sizes=\"(max-width: 554px) 100vw, 554px\" \/><\/a><\/p>\n","protected":false},"excerpt":{"rendered":"<p>Communiquer veut dire transmettre, expliquer, partager une information. Pr\u00e9sent\u00e9 de cette mani\u00e8re, communiquer semble \u00eatre un jeu d\u2019enfants puisque nous sommes tous capables de parler. Pour autant tout le monde ne s\u2019exprime pas de la m\u00eame mani\u00e8re et c\u2019est pr\u00e9cis\u00e9ment l\u00e0 que r\u00e9side le point n\u00e9vralgique de la communication. Parce que chacun de nous est [&hellip;]<\/p>\n","protected":false},"author":3,"featured_media":2383,"comment_status":"open","ping_status":"open","sticky":false,"template":"","format":"standard","meta":{"_et_pb_use_builder":"","_et_pb_old_content":"","_et_gb_content_width":"","footnotes":""},"categories":[3,4],"tags":[],"class_list":["post-2367","post","type-post","status-publish","format-standard","has-post-thumbnail","hentry","category-boite-a-outils","category-communication-orale","et-has-post-format-content","et_post_format-et-post-format-standard"],"views":2588,"_links":{"self":[{"href":"https:\/\/www.capitecorpus.com\/blog\/wp-json\/wp\/v2\/posts\/2367","targetHints":{"allow":["GET"]}}],"collection":[{"href":"https:\/\/www.capitecorpus.com\/blog\/wp-json\/wp\/v2\/posts"}],"about":[{"href":"https:\/\/www.capitecorpus.com\/blog\/wp-json\/wp\/v2\/types\/post"}],"author":[{"embeddable":true,"href":"https:\/\/www.capitecorpus.com\/blog\/wp-json\/wp\/v2\/users\/3"}],"replies":[{"embeddable":true,"href":"https:\/\/www.capitecorpus.com\/blog\/wp-json\/wp\/v2\/comments?post=2367"}],"version-history":[{"count":0,"href":"https:\/\/www.capitecorpus.com\/blog\/wp-json\/wp\/v2\/posts\/2367\/revisions"}],"wp:featuredmedia":[{"embeddable":true,"href":"https:\/\/www.capitecorpus.com\/blog\/wp-json\/wp\/v2\/media\/2383"}],"wp:attachment":[{"href":"https:\/\/www.capitecorpus.com\/blog\/wp-json\/wp\/v2\/media?parent=2367"}],"wp:term":[{"taxonomy":"category","embeddable":true,"href":"https:\/\/www.capitecorpus.com\/blog\/wp-json\/wp\/v2\/categories?post=2367"},{"taxonomy":"post_tag","embeddable":true,"href":"https:\/\/www.capitecorpus.com\/blog\/wp-json\/wp\/v2\/tags?post=2367"}],"curies":[{"name":"wp","href":"https:\/\/api.w.org\/{rel}","templated":true}]}}