{"id":2372,"date":"2020-01-15T15:00:42","date_gmt":"2020-01-15T14:00:42","guid":{"rendered":"https:\/\/www.capitecorpus.com\/blog\/?p=2372"},"modified":"2025-03-12T11:38:49","modified_gmt":"2025-03-12T10:38:49","slug":"orateur-authentique","status":"publish","type":"post","link":"https:\/\/www.capitecorpus.com\/blog\/orateur-authentique\/","title":{"rendered":"L&rsquo;orateur authentique"},"content":{"rendered":"<p>[et_pb_section fb_built=\u00a0\u00bb1&Prime; admin_label=\u00a0\u00bbsection\u00a0\u00bb _builder_version=\u00a0\u00bb4.16&Prime; global_colors_info=\u00a0\u00bb{}\u00a0\u00bb][et_pb_row admin_label=\u00a0\u00bbrow\u00a0\u00bb _builder_version=\u00a0\u00bb4.16&Prime; background_size=\u00a0\u00bbinitial\u00a0\u00bb background_position=\u00a0\u00bbtop_left\u00a0\u00bb background_repeat=\u00a0\u00bbrepeat\u00a0\u00bb global_colors_info=\u00a0\u00bb{}\u00a0\u00bb][et_pb_column type=\u00a0\u00bb4_4&Prime; _builder_version=\u00a0\u00bb4.16&Prime; custom_padding=\u00a0\u00bb|||\u00a0\u00bb global_colors_info=\u00a0\u00bb{}\u00a0\u00bb custom_padding__hover=\u00a0\u00bb|||\u00a0\u00bb][et_pb_text admin_label=\u00a0\u00bbText\u00a0\u00bb _builder_version=\u00a0\u00bb4.16&Prime; background_size=\u00a0\u00bbinitial\u00a0\u00bb background_position=\u00a0\u00bbtop_left\u00a0\u00bb background_repeat=\u00a0\u00bbrepeat\u00a0\u00bb global_colors_info=\u00a0\u00bb{}\u00a0\u00bb]<\/p>\n<p class=\"p1\" style=\"text-align: justify;\"><span class=\"s1\">Quel est le secret pour convaincre son auditoire ? Une pr\u00e9sentation qui respecte tous les codes oratoires me r\u00e9pondrez-vous. Oui mais plus encore, pour enthousiasmer un public, il faut savoir \u00e9mettre un <span style=\"color: #fd9852;\"><strong>discours authentique<\/strong><\/span>, c\u2019est-\u00e0-dire empreint de <span style=\"color: #fd9852;\"><strong>v\u00e9racit\u00e9<\/strong><\/span> et de <span style=\"color: #fd9852;\"><strong>sinc\u00e9rit\u00e9<\/strong><\/span>. Paradoxalement, <a href=\"https:\/\/www.capitecorpus.com\/formation-communication-orale\/formation-prise-de-parole-en-public-niveau-1\" target=\"_blank\" rel=\"noopener\"><strong>prendre la parole<\/strong><\/a><\/span><span class=\"s1\">\u00a0avec emphase et dire la v\u00e9rit\u00e9 en croyant sinc\u00e8rement \u00e0 son message ne suffit pas pour para\u00eetre authentique. En effet, les neurosciences nous apprennent que le cerveau accorde <span style=\"color: #fd9852;\"><strong>plus d\u2019importance \u00e0 la gestuelle qu\u2019au discours<\/strong><\/span> lui-m\u00eame, c\u2019est pourquoi les deux doivent \u00eatre en symbiose.<\/span><\/p>\n<p class=\"p1\" style=\"text-align: justify;\"><span class=\"s1\">Nick Morgan, coach et auteur am\u00e9ricain en communication professionnelle nous explique comment communiquer avec authenticit\u00e9 lorsqu\u2019on est manager. Il propose de se pr\u00e9parer \u00e0 la prise de parole en s\u2019exer\u00e7ant \u00e0 partir de <span style=\"color: #fd9852;\"><strong>4 objectifs<\/strong><\/span> et en d\u00e9veloppant l\u2019\u00e9coute de son ressenti int\u00e9rieur. Le principe est de parvenir \u00e0 incarner les sentiments \u00e9prouv\u00e9s pour accorder son langage corporel \u00e0 son message verbal.<\/span><\/p>\n<h2 class=\"p1\" style=\"text-align: justify;\">L&rsquo;apport des neurosciences<\/h2>\n<p class=\"p1\" style=\"text-align: justify;\"><span class=\"s1\">D\u2019apr\u00e8s les scientifiques, <span style=\"color: #fd9852;\"><strong>les gestes naturels et instinctifs<\/strong><\/span> d\u2019une personne nous renseignent sur ce qu\u2019elle va penser et dire juste apr\u00e8s. En effet, ces gestes irr\u00e9fl\u00e9chis succ\u00e8dent spontan\u00e9ment \u00e0 une \u00e9motion. Cela pr\u00e9c\u00e8de la pens\u00e9e consciente qui sera mat\u00e9rialis\u00e9e en dernier par des paroles. Par exemple, face \u00e0 une situation d\u00e9concertante, nous allons froncer les sourcils avant de mat\u00e9rialiser par des mots notre incompr\u00e9hension. En somme, si une personne pr\u00e9pare son texte avec une gestuelle adapt\u00e9e, cette gestuelle ne sera pas spontan\u00e9e. Par cons\u00e9quent, au lieu de pr\u00e9c\u00e9der la parole, la gestuelle arrivera apr\u00e8s les mots. Tout ceci se passe en quelques fractions de seconde mais ce sont pr\u00e9cis\u00e9ment ces quelques instants qui font toute la diff\u00e9rence. M\u00eame s\u2019ils n\u2019en n\u2019ont pas conscience, les auditeurs vont percevoir une incoh\u00e9rence. C\u2019est de l\u00e0 que d\u00e9coule le manque d\u2019authenticit\u00e9.<\/span><\/p>\n<h2 class=\"p1\" style=\"text-align: justify;\">Pr\u00e9parer sa <span style=\"color: #4db2ec;\"><a style=\"color: #4db2ec;\" href=\"https:\/\/www.capitecorpus.com\/formation-communication-orale\/formation-prise-de-parole-en-public-niveau-1\" target=\"_blank\" rel=\"noopener\"><strong>prise de parole<\/strong><\/a><\/span> autour de 4 intentions<\/h2>\n<p class=\"p1\" style=\"text-align: justify;\"><span class=\"s1\">Avant de se lancer dans l\u2019ar\u00e8ne, il est judicieux de <span style=\"color: #fd9852;\"><strong>pr\u00e9parer son intervention<\/strong><\/span> et de <span style=\"color: #fd9852;\"><strong>r\u00e9p\u00e9ter son allocution<\/strong><\/span>. Nick Morgan conseille les exercices suivants :<\/span><\/p>\n<h3 class=\"p1\" style=\"text-align: justify;\"><span class=\"s2\"><strong>1<sup>er<\/sup> exercice<\/strong> : s\u2019entra\u00eener avec l\u2019intention de s\u2019ouvrir \u00e0 son auditoire <\/span><\/h3>\n<p class=\"p1\" style=\"text-align: justify;\"><span class=\"s1\">Impossible de cr\u00e9er du lien avec un public si vous entrez en \u00absc\u00e8ne\u00bb avec une attitude ferm\u00e9e, v\u00eatu d\u2019une cape d\u2019aust\u00e9rit\u00e9. Pour vous pr\u00e9parer \u00e0 une <span style=\"color: #fd9852;\"><strong>posture ouverte et chaleureuse<\/strong><\/span>, imaginez que vous intervenez devant une personne que vous appr\u00e9ciez et en qui vous avez confiance. Visualisez-l\u00e0, assise face \u00e0 vous en train de vous \u00e9couter avec attention. Ressentez sa bienveillance, son amiti\u00e9 et surtout le bien-\u00eatre et l\u2019assurance que cela vous procure. Soyez avide de toute sensation pour \u00eatre \u00e0 m\u00eame de les ressentir \u00e0 nouveau le jour J. Par une expression plus sinc\u00e8re de vos pens\u00e9es, votre corps va progressivement se d\u00e9tendre et vous para\u00eetrez plus accessible.<\/span><\/p>\n<p class=\"p1\" style=\"text-align: justify;\"><span class=\"s1\">(Si la visualisation n\u2019est pas votre fort, demandez \u00e0 une \u00abvraie\u00bb personne de jouer le jeu et entra\u00eenez-vous face \u00e0 elle.)<\/span><\/p>\n<h3 class=\"p1\" style=\"text-align: justify;\"><span class=\"s2\"><strong>2<sup>\u00e8me<\/sup> exercice<\/strong> : int\u00e9grer l\u2019intention de cr\u00e9er un lien avec son auditoire <\/span><\/h3>\n<p class=\"p1\" style=\"text-align: justify;\"><span class=\"s1\">A cette \u00e9tape, vous avez une attitude ouverte et vous avez emmagasin\u00e9 le souvenir de sensations agr\u00e9ables. A pr\u00e9sent, fort de ces enseignements, entra\u00eenez-vous \u00e0 <span style=\"color: #fd9852;\"><strong>cr\u00e9er du lien<\/strong><\/span> avec le public. Pour ce faire, il ne s\u2019agit plus de vous concentrer sur vos ressentis mais sur votre auditoire. Comprenez que vous avez besoin de cr\u00e9er un lien avec lui et ce, d\u00e8s le d\u00e9but de la pr\u00e9sentation. Sans \u00e9laborer de strat\u00e9gie au pr\u00e9alable, utilisez ce qui vous semble naturel et appropri\u00e9 en fonction de l\u2019attitude du public. Pour vous habituer, imaginez-vous face \u00e0 un enfant ou un adolescent dont il faudra capter l\u2019attention. Par exemple, parlez plus fort ou rapprochez-vous de lui ou trouvez une anecdote qui se rapporte \u00e0 son univers.<\/span><\/p>\n<h3 class=\"p1\" style=\"text-align: justify;\"><span class=\"s2\"><strong>3<sup>\u00e8me<\/sup> exercice<\/strong> : ajouter l\u2019intention d\u2019exprimer sa passion pour le sujet d\u00e9battu<\/span><\/h3>\n<p class=\"p1\" style=\"text-align: justify;\"><span class=\"s1\">Il s\u2019agit ici de vous focaliser non pas sur ce que vous voulez dire mais sur le <span style=\"color: #fd9852;\"><strong>pourquoi<\/strong><\/span> de votre discours : quels r\u00e9sultats voulez-vous obtenir gr\u00e2ce \u00e0 cette pr\u00e9sentation ? Quelles sont les valeurs qui vous animent ? Qu\u2019est-ce qui vous passionne et comment vous en servir lors de votre pr\u00e9sentation ? Par exemple, n\u2019h\u00e9sitez pas \u00e0 raconter une histoire familiale qui serait \u00e0 l\u2019origine de vos valeurs d\u2019aujourd\u2019hui. Osez contacter votre ressenti, la dimension affective et \u00e9motionnelle pour laisser jaillir l\u2019\u00e9motion sous-jacente, vous risquerez juste de passer pour quelqu&rsquo;un d\u2019humain et de captivant !<\/span><\/p>\n<h3 class=\"p1\" style=\"text-align: justify;\"><span class=\"s2\"><strong>4<sup>\u00e8me<\/sup> exercice<\/strong> : conclure avec l\u2019intention d\u2019\u00e9couter son auditoire<\/span><\/h3>\n<p class=\"p1\" style=\"text-align: justify;\"><span class=\"s1\">Int\u00e9ressez-vous \u00e0 <span style=\"color: #fd9852;\"><strong>l\u2019\u00e9tat d\u2019esprit<\/strong><\/span> dans lequel se trouvent vos auditeurs : avant votre \u00e9locution, de quoi sont-ils en attente ? Pendant votre discours, comment r\u00e9agissent-ils \u00e0 vos propos ? Observez-les et soyez \u00e0 l\u2019affut de chacune de leur r\u00e9action. D\u00e9celez les messages non verbaux et appliquez-vous \u00e0 y r\u00e9pondre. Comment ? En instaurant un dialogue au moyen de questions, par un changement de rythme, par un nouveau vocabulaire. N\u2019h\u00e9sitez pas \u00e0 orienter diff\u00e9remment vos propos en fonction des besoins du public.<\/span><\/p>\n<p class=\"p1\" style=\"text-align: justify;\"><span class=\"s1\">En pr\u00e9parant votre intervention autour de ces 4 objectifs, nul doute que <a href=\"https:\/\/www.capitecorpus.com\/formation-communication-orale\/formation-prise-de-parole-en-public-niveau-1\" target=\"_blank\" rel=\"noopener\"><strong>vous deviendrez un orateur<\/strong><\/a><\/span><span class=\"s3\"><span class=\"Apple-converted-space\">\u00a0<\/span><\/span><span class=\"s1\">non seulement authentique, mais aussi remarquable.<\/p>\n<p><\/span><\/p>\n<div style=\"border: 2px solid #ff9849; padding: 15px; text-align: justify;\">\n<h3 style=\"letter-spacing: -0.01em; text-align: left;\">Points \u00e0 retenir :<\/h3>\n<ul>\n<li style=\"text-align: justify;\">Le cerveau interpr\u00e8te le <span style=\"color: #fd9852;\"><strong>langage non verbal avant le langage verbal<\/strong><\/span><\/li>\n<li style=\"text-align: justify;\">Le langage non verbal et verbal doivent \u00eatre <span style=\"color: #fd9852;\"><strong>coh\u00e9rents<\/strong> <strong>entre eux<\/strong><\/span><\/li>\n<li style=\"text-align: justify;\">Une pr\u00e9sentation rigide qui place le verbal avant la gestuelle manque <span style=\"color: #fd9852;\"><strong>d&rsquo;authenticit\u00e9<\/strong><\/span><\/li>\n<li style=\"text-align: justify;\">L&rsquo;authenticit\u00e9 <span style=\"color: #fd9852;\"><strong>se pr\u00e9pare gr\u00e2ce \u00e0 objectifs<\/strong><\/span> : s&rsquo;ouvrir \u00e0 son auditoire, cr\u00e9er du lien avec lui, exprimer sa passer, \u00e9couter son auditoire<\/li>\n<\/ul>\n<\/div>\n<p>[\/et_pb_text][et_pb_text _builder_version=\u00a0\u00bb4.24.2&Prime; _module_preset=\u00a0\u00bbdefault\u00a0\u00bb hover_enabled=\u00a0\u00bb0&Prime; sticky_enabled=\u00a0\u00bb0&Prime;]<\/p>\n<p>Pour aller plus loin :<\/p>\n<p>[\/et_pb_text][et_pb_button button_url=\u00a0\u00bbhttps:\/\/www.capitecorpus.com\/formation-communication-soft-skills\/\u00a0\u00bb url_new_window=\u00a0\u00bbon\u00a0\u00bb button_text=\u00a0\u00bbD\u00e9couvrez nos formations en Communication orale\u00a0\u00bb _builder_version=\u00a0\u00bb4.24.2&Prime; _module_preset=\u00a0\u00bbdefault\u00a0\u00bb custom_button=\u00a0\u00bbon\u00a0\u00bb button_text_size=\u00a0\u00bb17px\u00a0\u00bb button_text_color=\u00a0\u00bb#df0f02&Prime; button_font=\u00a0\u00bb|600|||||||\u00a0\u00bb locked=\u00a0\u00bboff\u00a0\u00bb global_colors_info=\u00a0\u00bb{}\u00a0\u00bb][\/et_pb_button][\/et_pb_column][\/et_pb_row][\/et_pb_section]<\/p>\n","protected":false},"excerpt":{"rendered":"<p>Quel est le secret pour convaincre son auditoire ? Une pr\u00e9sentation qui respecte tous les codes oratoires me r\u00e9pondrez-vous. Oui mais plus encore, pour enthousiasmer un public, il faut savoir \u00e9mettre un discours authentique, c\u2019est-\u00e0-dire empreint de v\u00e9racit\u00e9 et de sinc\u00e9rit\u00e9. Paradoxalement, prendre la parole\u00a0avec emphase et dire la v\u00e9rit\u00e9 en croyant sinc\u00e8rement \u00e0 son [&hellip;]<\/p>\n","protected":false},"author":3,"featured_media":3978,"comment_status":"open","ping_status":"open","sticky":false,"template":"","format":"standard","meta":{"_et_pb_use_builder":"on","_et_pb_old_content":"<p class=\"p1\" style=\"text-align: justify;\"><span class=\"s1\">Quel est le secret pour convaincre son auditoire ? Une pr\u00e9sentation qui respecte tous les codes oratoires me r\u00e9pondrez-vous. Oui mais plus encore, pour enthousiasmer un public, il faut savoir \u00e9mettre un <span style=\"color: #fd9852;\"><strong>discours authentique<\/strong><\/span>, c\u2019est-\u00e0-dire empreint de <span style=\"color: #fd9852;\"><strong>v\u00e9racit\u00e9<\/strong><\/span> et de <span style=\"color: #fd9852;\"><strong>sinc\u00e9rit\u00e9<\/strong><\/span>. Paradoxalement, <a href=\"https:\/\/www.capitecorpus.com\/formation-communication-orale\/formation-prise-de-parole-en-public-niveau-1\" target=\"_blank\" rel=\"noopener\"><strong>prendre la parole<\/strong><\/a><\/span><span class=\"s1\">\u00a0avec emphase et dire la v\u00e9rit\u00e9 en croyant sinc\u00e8rement \u00e0 son message ne suffit pas pour para\u00eetre authentique. En effet, les neurosciences nous apprennent que le cerveau accorde <span style=\"color: #fd9852;\"><strong>plus d\u2019importance \u00e0 la gestuelle qu\u2019au discours<\/strong><\/span> lui-m\u00eame, c\u2019est pourquoi les deux doivent \u00eatre en symbiose.<\/span><\/p>\n<p class=\"p1\" style=\"text-align: justify;\"><span class=\"s1\">Nick Morgan, coach et auteur am\u00e9ricain en communication professionnelle nous explique comment communiquer avec authenticit\u00e9 lorsqu\u2019on est manager. Il propose de se pr\u00e9parer \u00e0 la prise de parole en s\u2019exer\u00e7ant \u00e0 partir de <span style=\"color: #fd9852;\"><strong>4 objectifs<\/strong><\/span> et en d\u00e9veloppant l\u2019\u00e9coute de son ressenti int\u00e9rieur. Le principe est de parvenir \u00e0 incarner les sentiments \u00e9prouv\u00e9s pour accorder son langage corporel \u00e0 son message verbal.<\/span><\/p>\n\n<h2 class=\"p1\" style=\"text-align: justify;\">L'apport des neurosciences<\/h2>\n<p class=\"p1\" style=\"text-align: justify;\"><span class=\"s1\">D\u2019apr\u00e8s les scientifiques, <span style=\"color: #fd9852;\"><strong>les gestes naturels et instinctifs<\/strong><\/span> d\u2019une personne nous renseignent sur ce qu\u2019elle va penser et dire juste apr\u00e8s. En effet, ces gestes irr\u00e9fl\u00e9chis succ\u00e8dent spontan\u00e9ment \u00e0 une \u00e9motion. Cela pr\u00e9c\u00e8de la pens\u00e9e consciente qui sera mat\u00e9rialis\u00e9e en dernier par des paroles. Par exemple, face \u00e0 une situation d\u00e9concertante, nous allons froncer les sourcils avant de mat\u00e9rialiser par des mots notre incompr\u00e9hension. En somme, si une personne pr\u00e9pare son texte avec une gestuelle adapt\u00e9e, cette gestuelle ne sera pas spontan\u00e9e. Par cons\u00e9quent, au lieu de pr\u00e9c\u00e9der la parole, la gestuelle arrivera apr\u00e8s les mots. Tout ceci se passe en quelques fractions de seconde mais ce sont pr\u00e9cis\u00e9ment ces quelques instants qui font toute la diff\u00e9rence. M\u00eame s\u2019ils n\u2019en n\u2019ont pas conscience, les auditeurs vont percevoir une incoh\u00e9rence. C\u2019est de l\u00e0 que d\u00e9coule le manque d\u2019authenticit\u00e9.<\/span><\/p>\n\n<h2 class=\"p1\" style=\"text-align: justify;\">Pr\u00e9parer sa <span style=\"color: #4db2ec;\"><a style=\"color: #4db2ec;\" href=\"https:\/\/www.capitecorpus.com\/formation-communication-orale\/formation-prise-de-parole-en-public-niveau-1\" target=\"_blank\" rel=\"noopener\"><strong>prise de parole<\/strong><\/a><\/span> autour de 4 intentions<\/h2>\n<p class=\"p1\" style=\"text-align: justify;\"><span class=\"s1\">Avant de se lancer dans l\u2019ar\u00e8ne, il est judicieux de <span style=\"color: #fd9852;\"><strong>pr\u00e9parer son intervention<\/strong><\/span> et de <span style=\"color: #fd9852;\"><strong>r\u00e9p\u00e9ter son allocution<\/strong><\/span>. Nick Morgan conseille les exercices suivants :<\/span><\/p>\n\n<h3 class=\"p1\" style=\"text-align: justify;\"><span class=\"s2\"><strong>1<sup>er<\/sup> exercice<\/strong> : s\u2019entra\u00eener avec l\u2019intention de s\u2019ouvrir \u00e0 son auditoire <\/span><\/h3>\n<p class=\"p1\" style=\"text-align: justify;\"><span class=\"s1\">Impossible de cr\u00e9er du lien avec un public si vous entrez en \u00absc\u00e8ne\u00bb avec une attitude ferm\u00e9e, v\u00eatu d\u2019une cape d\u2019aust\u00e9rit\u00e9. Pour vous pr\u00e9parer \u00e0 une <span style=\"color: #fd9852;\"><strong>posture ouverte et chaleureuse<\/strong><\/span>, imaginez que vous intervenez devant une personne que vous appr\u00e9ciez et en qui vous avez confiance. Visualisez-l\u00e0, assise face \u00e0 vous en train de vous \u00e9couter avec attention. Ressentez sa bienveillance, son amiti\u00e9 et surtout le bien-\u00eatre et l\u2019assurance que cela vous procure. Soyez avide de toute sensation pour \u00eatre \u00e0 m\u00eame de les ressentir \u00e0 nouveau le jour J. Par une expression plus sinc\u00e8re de vos pens\u00e9es, votre corps va progressivement se d\u00e9tendre et vous para\u00eetrez plus accessible.<\/span><\/p>\n<p class=\"p1\" style=\"text-align: justify;\"><span class=\"s1\">(Si la visualisation n\u2019est pas votre fort, demandez \u00e0 une \u00abvraie\u00bb personne de jouer le jeu et entra\u00eenez-vous face \u00e0 elle.)<\/span><\/p>\n\n<h3 class=\"p1\" style=\"text-align: justify;\"><span class=\"s2\"><strong>2<sup>\u00e8me<\/sup> exercice<\/strong> : int\u00e9grer l\u2019intention de cr\u00e9er un lien avec son auditoire <\/span><\/h3>\n<p class=\"p1\" style=\"text-align: justify;\"><span class=\"s1\">A cette \u00e9tape, vous avez une attitude ouverte et vous avez emmagasin\u00e9 le souvenir de sensations agr\u00e9ables. A pr\u00e9sent, fort de ces enseignements, entra\u00eenez-vous \u00e0 <span style=\"color: #fd9852;\"><strong>cr\u00e9er du lien<\/strong><\/span> avec le public. Pour ce faire, il ne s\u2019agit plus de vous concentrer sur vos ressentis mais sur votre auditoire. Comprenez que vous avez besoin de cr\u00e9er un lien avec lui et ce, d\u00e8s le d\u00e9but de la pr\u00e9sentation. Sans \u00e9laborer de strat\u00e9gie au pr\u00e9alable, utilisez ce qui vous semble naturel et appropri\u00e9 en fonction de l\u2019attitude du public. Pour vous habituer, imaginez-vous face \u00e0 un enfant ou un adolescent dont il faudra capter l\u2019attention. Par exemple, parlez plus fort ou rapprochez-vous de lui ou trouvez une anecdote qui se rapporte \u00e0 son univers.<\/span><\/p>\n\n<h3 class=\"p1\" style=\"text-align: justify;\"><span class=\"s2\"><strong>3<sup>\u00e8me<\/sup> exercice<\/strong> : ajouter l\u2019intention d\u2019exprimer sa passion pour le sujet d\u00e9battu<\/span><\/h3>\n<p class=\"p1\" style=\"text-align: justify;\"><span class=\"s1\">Il s\u2019agit ici de vous focaliser non pas sur ce que vous voulez dire mais sur le <span style=\"color: #fd9852;\"><strong>pourquoi<\/strong><\/span> de votre discours : quels r\u00e9sultats voulez-vous obtenir gr\u00e2ce \u00e0 cette pr\u00e9sentation ? Quelles sont les valeurs qui vous animent ? Qu\u2019est-ce qui vous passionne et comment vous en servir lors de votre pr\u00e9sentation ? Par exemple, n\u2019h\u00e9sitez pas \u00e0 raconter une histoire familiale qui serait \u00e0 l\u2019origine de vos valeurs d\u2019aujourd\u2019hui. Osez contacter votre ressenti, la dimension affective et \u00e9motionnelle pour laisser jaillir l\u2019\u00e9motion sous-jacente, vous risquerez juste de passer pour quelqu'un d\u2019humain et de captivant !<\/span><\/p>\n\n<h3 class=\"p1\" style=\"text-align: justify;\"><span class=\"s2\"><strong>4<sup>\u00e8me<\/sup> exercice<\/strong> : conclure avec l\u2019intention d\u2019\u00e9couter son auditoire<\/span><\/h3>\n<p class=\"p1\" style=\"text-align: justify;\"><span class=\"s1\">Int\u00e9ressez-vous \u00e0 <span style=\"color: #fd9852;\"><strong>l\u2019\u00e9tat d\u2019esprit<\/strong><\/span> dans lequel se trouvent vos auditeurs : avant votre \u00e9locution, de quoi sont-ils en attente ? Pendant votre discours, comment r\u00e9agissent-ils \u00e0 vos propos ? Observez-les et soyez \u00e0 l\u2019affut de chacune de leur r\u00e9action. D\u00e9celez les messages non verbaux et appliquez-vous \u00e0 y r\u00e9pondre. Comment ? En instaurant un dialogue au moyen de questions, par un changement de rythme, par un nouveau vocabulaire. N\u2019h\u00e9sitez pas \u00e0 orienter diff\u00e9remment vos propos en fonction des besoins du public.<\/span><\/p>\n<p class=\"p1\" style=\"text-align: justify;\"><span class=\"s1\">En pr\u00e9parant votre intervention autour de ces 4 objectifs, nul doute que <a href=\"https:\/\/www.capitecorpus.com\/formation-communication-orale\/formation-prise-de-parole-en-public-niveau-1\" target=\"_blank\" rel=\"noopener\"><strong>vous deviendrez un orateur<\/strong><\/a><\/span><span class=\"s3\"><span class=\"Apple-converted-space\">\u00a0<\/span><\/span><span class=\"s1\">non seulement authentique, mais aussi remarquable.<\/span><\/p>\n\n<div style=\"border: 2px solid #ff9849; padding: 15px; text-align: justify;\">\n<h3 style=\"letter-spacing: -0.01em; text-align: left;\">Points \u00e0 retenir :<\/h3>\n<ul>\n \t<li style=\"text-align: justify;\">Le cerveau interpr\u00e8te le <span style=\"color: #fd9852;\"><strong>langage non verbal avant le langage verbal<\/strong><\/span><\/li>\n \t<li style=\"text-align: justify;\">Le langage non verbal et verbal doivent \u00eatre <span style=\"color: #fd9852;\"><strong>coh\u00e9rents<\/strong> <strong>entre eux<\/strong><\/span><\/li>\n \t<li style=\"text-align: justify;\">Une pr\u00e9sentation rigide qui place le verbal avant la gestuelle manque <span style=\"color: #fd9852;\"><strong>d'authenticit\u00e9<\/strong><\/span><\/li>\n \t<li style=\"text-align: justify;\">L'authenticit\u00e9 <span style=\"color: #fd9852;\"><strong>se pr\u00e9pare gr\u00e2ce \u00e0 objectifs<\/strong><\/span> : s'ouvrir \u00e0 son auditoire, cr\u00e9er du lien avec lui, exprimer sa passer, \u00e9couter son auditoire<\/li>\n<\/ul>\n<\/div>","_et_gb_content_width":"","footnotes":""},"categories":[3,4],"tags":[],"class_list":["post-2372","post","type-post","status-publish","format-standard","has-post-thumbnail","hentry","category-boite-a-outils","category-communication-orale","et-has-post-format-content","et_post_format-et-post-format-standard"],"views":2843,"_links":{"self":[{"href":"https:\/\/www.capitecorpus.com\/blog\/wp-json\/wp\/v2\/posts\/2372","targetHints":{"allow":["GET"]}}],"collection":[{"href":"https:\/\/www.capitecorpus.com\/blog\/wp-json\/wp\/v2\/posts"}],"about":[{"href":"https:\/\/www.capitecorpus.com\/blog\/wp-json\/wp\/v2\/types\/post"}],"author":[{"embeddable":true,"href":"https:\/\/www.capitecorpus.com\/blog\/wp-json\/wp\/v2\/users\/3"}],"replies":[{"embeddable":true,"href":"https:\/\/www.capitecorpus.com\/blog\/wp-json\/wp\/v2\/comments?post=2372"}],"version-history":[{"count":4,"href":"https:\/\/www.capitecorpus.com\/blog\/wp-json\/wp\/v2\/posts\/2372\/revisions"}],"predecessor-version":[{"id":3982,"href":"https:\/\/www.capitecorpus.com\/blog\/wp-json\/wp\/v2\/posts\/2372\/revisions\/3982"}],"wp:featuredmedia":[{"embeddable":true,"href":"https:\/\/www.capitecorpus.com\/blog\/wp-json\/wp\/v2\/media\/3978"}],"wp:attachment":[{"href":"https:\/\/www.capitecorpus.com\/blog\/wp-json\/wp\/v2\/media?parent=2372"}],"wp:term":[{"taxonomy":"category","embeddable":true,"href":"https:\/\/www.capitecorpus.com\/blog\/wp-json\/wp\/v2\/categories?post=2372"},{"taxonomy":"post_tag","embeddable":true,"href":"https:\/\/www.capitecorpus.com\/blog\/wp-json\/wp\/v2\/tags?post=2372"}],"curies":[{"name":"wp","href":"https:\/\/api.w.org\/{rel}","templated":true}]}}