{"id":2379,"date":"2020-01-30T10:45:25","date_gmt":"2020-01-30T09:45:25","guid":{"rendered":"https:\/\/www.capitecorpus.com\/blog\/?p=2379"},"modified":"2020-01-30T10:59:49","modified_gmt":"2020-01-30T09:59:49","slug":"comment-faire-pour-limiter-lexces-dinitiatives-en-entreprise","status":"publish","type":"post","link":"https:\/\/www.capitecorpus.com\/blog\/comment-faire-pour-limiter-lexces-dinitiatives-en-entreprise\/","title":{"rendered":"Comment faire pour&#8230; limiter l&rsquo;exc\u00e8s d&rsquo;initiatives en entreprise ?"},"content":{"rendered":"<ol>\n<li class=\"p1\" style=\"text-align: justify;\"><span class=\"s1\"><span style=\"color: #b52d2c;\"><b>Identifiez le nombre d\u2019initiatives et \u00e9valuez le probl\u00e8me :<\/b><\/span> la premi\u00e8re chose \u00e0 faire est de sonder son entreprise pour d\u00e9terminer si elle se trouve dans l\u2019exc\u00e8s d\u2019initiatives. Pour cela, basez-vous sur le nombre de nouveaux projets lanc\u00e9s en m\u00eame temps dans l\u2019ensemble des services. Ces projets ont-ils \u00e9t\u00e9 \u00e9tudi\u00e9s pr\u00e9alablement ? Sont-ils pertinents ? Les projets r\u00e9activ\u00e9s ont-ils \u00e9t\u00e9 d\u2019abord \u00e9valu\u00e9s ? Ces projets se rajoutent-ils \u00e0 d\u2019autres non encore achev\u00e9s ? Y a-t-il des initiatives \u00e0 supprimer ?<\/span><\/li>\n<li class=\"p1\" style=\"text-align: justify;\"><span class=\"s1\"><span style=\"color: #b52d2c;\"><b>Analysez la pertinence de l\u2019initiative : <\/b><\/span>On pense toujours pouvoir arriver \u00e0 tout g\u00e9rer, or, \u00ab\u00e0 l\u2019impossible, nul n\u2019est tenu\u00bb nous dit un vieil adage. Lancer de nouveaux projets tous azimuts a-t-il un sens \u00e9conomique et strat\u00e9gique ? Telle est la question. Avant de vous lancer dans de nouvelles aventures, prenez le temps d\u2019\u00e9valuer si l\u2019initiative va venir r\u00e9soudre un probl\u00e8me majeur, cr\u00e9er de la valeur ajout\u00e9e et atteindre les objectifs fix\u00e9s. <\/span><\/li>\n<li class=\"p1\" style=\"text-align: justify;\"><span class=\"s1\"><span style=\"color: #b52d2c;\"><b>Ciblez les priorit\u00e9s sur l\u2019ensemble des services : <\/b><\/span>gardez \u00e0 l\u2019esprit qu\u2019un projet port\u00e9 par un des services de l\u2019entreprise aura toujours des r\u00e9percussions organisationnelles sur les autres services. Or, ces derniers ont probablement aussi pl\u00e9thore d\u2019initiatives \u00e0 mener, lesquels ont eux-m\u00eames des r\u00e9percussions sur les autres. La boucle est boucl\u00e9e. Pour \u00e9viter de tomber dans cet \u00e9cueil, pensez global avant de vous lancer !\u00a0<\/span><\/li>\n<li class=\"p1\" style=\"text-align: justify;\"><span style=\"color: #b52d2c;\"><span class=\"s1\"><b>Limiter les ressources<\/b><\/span><b> <\/b><span class=\"s1\"><b>allou\u00e9es aux nouveaux projets<\/b><\/span><b> <\/b><\/span><span class=\"s1\"><span style=\"color: #b52d2c;\"><b>: <\/b><\/span>prendre une nouvelle initiative implique de lui allouer du budget et du temps. Si vos collaborateurs sont d\u00e9j\u00e0 tr\u00e8s occup\u00e9s, les charger encore plus risquerait de leur provoquer davantage de stress et de fatigue. Si vous n\u2019avez pas d\u2019argent \u00e0 attribuer pour la mise en oeuvre de votre projet celui-ci sera avort\u00e9 de facto. Pas de budget ? Pas de ressources humaines ? Donc pas d\u2019initiatives \u00e0 prendre.<\/span><\/li>\n<li class=\"p1\" style=\"text-align: justify;\"><span style=\"color: #b52d2c;\"><span class=\"s1\"><b>Nommez des interm\u00e9diaires<\/b><\/span><b> <\/b><\/span><span class=\"s1\"><span style=\"color: #b52d2c;\"><b>: <\/b><\/span>plut\u00f4t que de tout laisser g\u00e9rer par la m\u00eame personne, il est envisageable de nommer une personne interm\u00e9diaire entre les preneurs d\u2019initiatives et les ex\u00e9cutants. Ce tiers serait en charge de r\u00e9ceptionner les demandes de la hi\u00e9rarchie pour \u00e9valuer les priorit\u00e9s strat\u00e9giques, les demandes impossibles \u00e0 g\u00e9rer et la faisabilit\u00e9 du projet. D\u00e9lest\u00e9 d\u2019une charge de travail suppl\u00e9mentaire, le personnel gagnera en productivit\u00e9.<\/span><\/li>\n<\/ol>\n","protected":false},"excerpt":{"rendered":"<p>Identifiez le nombre d\u2019initiatives et \u00e9valuez le probl\u00e8me : la premi\u00e8re chose \u00e0 faire est de sonder son entreprise pour d\u00e9terminer si elle se trouve dans l\u2019exc\u00e8s d\u2019initiatives. Pour cela, basez-vous sur le nombre de nouveaux projets lanc\u00e9s en m\u00eame temps dans l\u2019ensemble des services. Ces projets ont-ils \u00e9t\u00e9 \u00e9tudi\u00e9s pr\u00e9alablement ? Sont-ils pertinents ? [&hellip;]<\/p>\n","protected":false},"author":3,"featured_media":2395,"comment_status":"open","ping_status":"open","sticky":false,"template":"","format":"standard","meta":{"_et_pb_use_builder":"","_et_pb_old_content":"","_et_gb_content_width":"","footnotes":""},"categories":[5],"tags":[],"class_list":["post-2379","post","type-post","status-publish","format-standard","has-post-thumbnail","hentry","category-conseils-du-coach","et-has-post-format-content","et_post_format-et-post-format-standard"],"views":2038,"_links":{"self":[{"href":"https:\/\/www.capitecorpus.com\/blog\/wp-json\/wp\/v2\/posts\/2379","targetHints":{"allow":["GET"]}}],"collection":[{"href":"https:\/\/www.capitecorpus.com\/blog\/wp-json\/wp\/v2\/posts"}],"about":[{"href":"https:\/\/www.capitecorpus.com\/blog\/wp-json\/wp\/v2\/types\/post"}],"author":[{"embeddable":true,"href":"https:\/\/www.capitecorpus.com\/blog\/wp-json\/wp\/v2\/users\/3"}],"replies":[{"embeddable":true,"href":"https:\/\/www.capitecorpus.com\/blog\/wp-json\/wp\/v2\/comments?post=2379"}],"version-history":[{"count":0,"href":"https:\/\/www.capitecorpus.com\/blog\/wp-json\/wp\/v2\/posts\/2379\/revisions"}],"wp:featuredmedia":[{"embeddable":true,"href":"https:\/\/www.capitecorpus.com\/blog\/wp-json\/wp\/v2\/media\/2395"}],"wp:attachment":[{"href":"https:\/\/www.capitecorpus.com\/blog\/wp-json\/wp\/v2\/media?parent=2379"}],"wp:term":[{"taxonomy":"category","embeddable":true,"href":"https:\/\/www.capitecorpus.com\/blog\/wp-json\/wp\/v2\/categories?post=2379"},{"taxonomy":"post_tag","embeddable":true,"href":"https:\/\/www.capitecorpus.com\/blog\/wp-json\/wp\/v2\/tags?post=2379"}],"curies":[{"name":"wp","href":"https:\/\/api.w.org\/{rel}","templated":true}]}}