{"id":2604,"date":"2021-06-29T08:48:29","date_gmt":"2021-06-29T07:48:29","guid":{"rendered":"https:\/\/www.capitecorpus.com\/blog\/?p=2604"},"modified":"2022-05-12T09:36:34","modified_gmt":"2022-05-12T08:36:34","slug":"devenir-une-entreprise-apprenante","status":"publish","type":"post","link":"https:\/\/www.capitecorpus.com\/blog\/devenir-une-entreprise-apprenante\/","title":{"rendered":"Devenir une entreprise apprenante"},"content":{"rendered":"<p>[et_pb_section fb_built=\u00a0\u00bb1&Prime; admin_label=\u00a0\u00bbsection\u00a0\u00bb _builder_version=\u00a0\u00bb4.16&Prime; global_colors_info=\u00a0\u00bb{}\u00a0\u00bb][et_pb_row admin_label=\u00a0\u00bbrow\u00a0\u00bb _builder_version=\u00a0\u00bb4.16&Prime; background_size=\u00a0\u00bbinitial\u00a0\u00bb background_position=\u00a0\u00bbtop_left\u00a0\u00bb background_repeat=\u00a0\u00bbrepeat\u00a0\u00bb global_colors_info=\u00a0\u00bb{}\u00a0\u00bb][et_pb_column type=\u00a0\u00bb4_4&Prime; _builder_version=\u00a0\u00bb4.16&Prime; custom_padding=\u00a0\u00bb|||\u00a0\u00bb global_colors_info=\u00a0\u00bb{}\u00a0\u00bb custom_padding__hover=\u00a0\u00bb|||\u00a0\u00bb][et_pb_text admin_label=\u00a0\u00bbText\u00a0\u00bb _builder_version=\u00a0\u00bb4.16&Prime; background_size=\u00a0\u00bbinitial\u00a0\u00bb background_position=\u00a0\u00bbtop_left\u00a0\u00bb background_repeat=\u00a0\u00bbrepeat\u00a0\u00bb global_colors_info=\u00a0\u00bb{}\u00a0\u00bb]<\/p>\n<p class=\"p1\" style=\"text-align: justify;\">Penser l\u2019entreprise diff\u00e9remment pour <span style=\"color: #3fc16f;\"><b>innover<\/b><\/span>, <span style=\"color: #3fc16f;\"><b>gagner<\/b><\/span> en <span style=\"color: #3fc16f;\"><b>comp\u00e9titivit\u00e9<\/b><\/span> et <span style=\"color: #3fc16f;\"><b>performance<\/b><\/span>, telle est l\u2019ambition de l\u2019entreprise apprenante.<\/p>\n<p class=\"p1\" style=\"text-align: justify;\">\u00ab\u00a0Une entreprise apprenante est bien plus qu\u2019une structure qui favorise l\u2019apprentissage des salari\u00e9s. C\u2019est une organisation qui, elle-m\u00eame, apprend et s\u2019adapte de mani\u00e8re organique.\u00a0\u00bb Alexandre Malarewicz.<\/p>\n<p class=\"p1\" style=\"text-align: justify;\">Cette notion appara\u00eet en 1990 avec les travaux du professeur de management am\u00e9ricain Peter Senge\u00a0: selon lui, tout part de <span style=\"color: #3fc16f;\"><b>l\u2019environnement<\/b><\/span>. C\u2019est en \u00e9tudiant cet environnement, en le comprenant et en agissant en fonction de lui que l\u2019entreprise maintient sa productivit\u00e9.<\/p>\n<p class=\"p1\" style=\"text-align: justify;\">L\u2019entreprise n\u2019est donc plus envisag\u00e9e comme un moyen\u00a0mais comme une fin. Elle n\u2019est plus seulement une entit\u00e9 qui permet \u00e0 ses salari\u00e9s de suivre des formations pour accro\u00eetre leurs comp\u00e9tences (moyen). L\u2019entreprise est d\u00e9sormais consid\u00e9r\u00e9e comme une entit\u00e9 en mouvement dot\u00e9e de la capacit\u00e9 d\u2019\u00e9voluer et de s\u2019adapter en permanence \u00e0 son environnement (fin).<\/p>\n<p class=\"p1\" style=\"text-align: justify;\">Comment\u00a0repenser la culture de l\u2019apprentissage pour faire de votre entreprise une entreprise apprenante<b> <\/b>? C\u2019est ce qu\u2019Alexandre Malarewicz, enseignant \u00e0 HEC Paris, vous explique ci-apr\u00e8s.<\/p>\n<h2 class=\"p1\" style=\"text-align: justify;\">Vers une nouvelle culture d&rsquo;entreprise et d&rsquo;apprentissage<\/h2>\n<p class=\"p1\" style=\"text-align: justify;\">Aujourd\u2019hui, atteindre des objectifs professionnels, commerciaux, ne suffit plus \u00e0 maintenir le plus haut degr\u00e9 de productivit\u00e9. La valeur ajout\u00e9e de l\u2019entreprise apprenante r\u00e9side dans le fait de rester connect\u00e9e aux besoins du march\u00e9.<\/p>\n<p class=\"p1\" style=\"text-align: justify;\">Pour cela, l\u2019entreprise apprenante doit r\u00e9pondre \u00e0 3 exigences majeures\u00a0:<\/p>\n<p class=\"p1\" style=\"text-align: justify;\">&#8211; <span style=\"color: #3fc16f;\"><b>Anticiper<\/b><\/span> et <span style=\"color: #3fc16f;\"><b>s\u2019adapter<\/b><\/span> aux \u00e9volutions du march\u00e9.<\/p>\n<p class=\"p1\" style=\"text-align: justify;\">&#8211; <span style=\"color: #3fc16f;\"><b>Stimuler<\/b><\/span> la <span style=\"color: #3fc16f;\"><b>cr\u00e9ativit\u00e9<\/b><\/span>, l\u2019esprit d\u2019initiative et l\u2019autonomie des salari\u00e9s.<\/p>\n<p class=\"p1\" style=\"text-align: justify;\">&#8211; <span style=\"color: #3fc16f;\"><b>Attirer<\/b><\/span>, <span style=\"color: #3fc16f;\"><b>fid\u00e9liser<\/b><\/span> et investir dans ses <span style=\"color: #3fc16f;\"><b>talents<\/b><\/span>.<\/p>\n<p class=\"p1\" style=\"text-align: justify;\">Ainsi, selon Peter Senge, pour agir en fonction de l\u2019environnement, il est imp\u00e9ratif de d\u00e9velopper l\u2019apprentissage au niveau salarial et<b> <\/b>aussi au niveau de l\u2019entit\u00e9 elle-m\u00eame.<\/p>\n<p class=\"p1\" style=\"text-align: justify;\">Comment favoriser l\u2019apprentissage\u00a0dans une entreprise apprenante ?<\/p>\n<p class=\"p1\" style=\"text-align: justify;\">&#8211; En <span style=\"color: #3fc16f;\"><b>cr\u00e9ant<\/b><\/span>, <span style=\"color: #3fc16f;\"><b>d\u00e9veloppant<\/b><\/span> et en <span style=\"color: #3fc16f;\"><b>transf\u00e9rant<\/b><\/span> du savoir aux salari\u00e9s.<\/p>\n<p class=\"p1\" style=\"text-align: justify;\">&#8211; En <span style=\"color: #3fc16f;\"><b>modifiant<\/b><\/span> ses <span style=\"color: #3fc16f;\"><b>comportements<\/b><\/span>, ses process, son organisation pour agir de mani\u00e8re adapt\u00e9e \u00e0 la multitude de situations qui se pr\u00e9sentent.<\/p>\n<p class=\"p1\" style=\"text-align: justify;\">Voici les 3 conseils d\u2019Alexandre Malarewicz<span class=\"s1\">\u00a0:<\/span><\/p>\n<h3 style=\"text-align: justify;\"><span style=\"text-decoration: underline;\"><strong>1. Donner la priorit\u00e9 \u00e0 la r\u00e9solution des probl\u00e8mes<\/strong><\/span><\/h3>\n<p class=\"p1\" style=\"text-align: justify;\">Dans une entreprise apprenante, <span style=\"color: #3fc16f;\"><b>chaque<\/b> <b>difficult\u00e9<\/b><\/span> est envisag\u00e9e comme une <span style=\"color: #3fc16f;\"><b>formidable<\/b> <b>opportunit\u00e9<\/b> <b>d\u2019apprentissage<\/b><\/span>.<\/p>\n<p class=\"p1\" style=\"text-align: justify;\">Ainsi, quand un probl\u00e8me appara\u00eet, il est trait\u00e9 de la mani\u00e8re suivante\u00a0:<\/p>\n<ul style=\"text-align: justify;\">\n<li class=\"p1\" style=\"text-align: justify;\">Identifier et analyser le probl\u00e8me qui se pr\u00e9sente.<\/li>\n<li class=\"p1\" style=\"text-align: justify;\"><span style=\"color: #3fc16f;\"><b>Chercher<\/b><\/span> la <span style=\"color: #3fc16f;\"><b>solution<\/b><\/span>\u00a0en s\u2019attachant aux <span style=\"color: #3fc16f;\"><b>faits<\/b><\/span> pour prendre la d\u00e9cision qui convient\u00a0: rechercher des donn\u00e9es fiables, d\u00e9finir les indicateurs de qualit\u00e9 etc.<\/li>\n<li class=\"p1\" style=\"text-align: justify;\"><span style=\"color: #3fc16f;\"><b>Valoriser<\/b> <b>l\u2019exp\u00e9rimentation<\/b><\/span> tout en cadrant la prise de risque. Le risque z\u00e9ro n\u2019existe pas, c\u2019est pourquoi il est important de d\u00e9limiter son p\u00e9rim\u00e8tre de s\u00e9curit\u00e9, qu\u2019il soit \u00e9conomique ou humain. Une fois cela fait, vous pourrez d\u00e9l\u00e9guer, demander des avis pour rendre vos collaborateurs autonomes dans leur travail exp\u00e9rimental.<\/li>\n<li class=\"p1\" style=\"text-align: justify;\">Suivre une <span style=\"color: #3fc16f;\"><b>pens\u00e9e<\/b> <b>syst\u00e9mique<\/b><\/span>\u00a0: il s\u2019agit d\u2019envisager un probl\u00e8me dans son ensemble en <span style=\"color: #3fc16f;\"><b>\u00e9largissant<\/b><\/span> le focus. Prenez du recul, pensez global\u00a0et restez flexible !<\/li>\n<\/ul>\n<h3 style=\"text-align: justify;\"><span style=\"text-decoration: underline;\"><strong>2. Instaurer une dimension r\u00e9flexive sur l&rsquo;exp\u00e9rience<\/strong><\/span><\/h3>\n<p class=\"p1\" style=\"text-align: justify;\">Nous venons de voir que dans une entreprise apprenante, chaque <span style=\"color: #3fc16f;\"><b>action<\/b> <b>men\u00e9e<\/b><\/span> est <span style=\"color: #3fc16f;\"><b>source<\/b> <b>d\u2019apprentissage<\/b><\/span>. C\u2019est pourquoi il est d\u2019usage de dresser un bilan de ces actions : quelles ont \u00e9t\u00e9 les difficult\u00e9s rencontr\u00e9es, quelles strat\u00e9gies ont \u00e9t\u00e9 adopt\u00e9es, quelles d\u00e9cisions ont \u00e9t\u00e9 prises, quelles sont les cons\u00e9quences positives comme n\u00e9gatives\u00a0etc.<\/p>\n<p class=\"p1\" style=\"text-align: justify;\">Peter Senge insiste sur l\u2019importance d\u2019\u00a0\u00abapprendre continuellement \u00e0 apprendre ensemble\u00a0\u00bb.<\/p>\n<p class=\"p1\" style=\"text-align: justify;\">Comment faire\u00a0pour favoriser la r\u00e9flexion entre collaborateurs ?<\/p>\n<ul style=\"text-align: justify;\">\n<li class=\"p1\">En <span style=\"color: #3fc16f;\"><b>planifiant<\/b><\/span> des temps de bilans\u00a0pour mettre en perspective les r\u00e9sultats obtenus au regard des objectifs pos\u00e9s.<\/li>\n<li class=\"p1\">En <span style=\"color: #3fc16f;\"><b>int\u00e9grant<\/b><\/span> des pratiques de <span style=\"color: #3fc16f;\"><b>coaching<\/b><\/span>, des <span style=\"color: #3fc16f;\"><b>feed<\/b>&#8211;<b>back<\/b><\/span>, des suivis individualis\u00e9s par un manager.<\/li>\n<li class=\"p1\">En proposant des <span style=\"color: #3fc16f;\"><b>retours<\/b> <b>collectifs<\/b> <b>d\u2019exp\u00e9rience<\/b><\/span>.<\/li>\n<\/ul>\n<p class=\"p1\" style=\"text-align: justify;\">C\u2019est ainsi que l\u2019entreprise va \u00e9laborer sa base de connaissances, \u00e9difier des techniques, des process et instaurer une culture commune \u00e0 tous les services. La force de l\u2019entreprise apprenante va \u00eatre de normaliser ces r\u00e9sultats en \u00ab\u00a0politique du savoir\u00a0\u00bb.<\/p>\n<h3 class=\"p1\" style=\"text-align: justify;\"><span style=\"text-decoration: underline;\"><strong>3. \u00c9tablir et communiquer sa politique du savoir<\/strong><\/span><\/h3>\n<p class=\"p1\" style=\"text-align: justify;\">La politique du savoir englobe les \u00e9l\u00e9ments suivants\u00a0:<\/p>\n<ul style=\"text-align: justify;\">\n<li class=\"p1\">Tenir et \u00e9toffer une <span style=\"color: #3fc16f;\"><b>base<\/b> <b>de<\/b> <b>connaissances<\/b><\/span>.<\/li>\n<li class=\"p1\">Identifier et mettre en avant les <span style=\"color: #3fc16f;\"><b>comp\u00e9tences<\/b><\/span> de chacun gr\u00e2ce \u00e0 un <span style=\"color: #3fc16f;\"><b>r\u00e9f\u00e9rentiel<\/b><\/span>.<\/li>\n<li class=\"p1\">Identifier les besoins de <span style=\"color: #3fc16f;\"><b>formation<\/b><\/span> des salari\u00e9s\u00a0en se fondant sur leurs <span style=\"color: #3fc16f;\"><b>sources<\/b><\/span> de <span style=\"color: #3fc16f;\"><b>motivation<\/b><\/span>, leurs <span style=\"color: #3fc16f;\"><b>comp\u00e9tences<\/b><\/span>, leurs <span style=\"color: #3fc16f;\"><b>ambitions<\/b><\/span><span class=\"s1\">.\u00a0<\/span><\/li>\n<\/ul>\n<p class=\"p1\" style=\"text-align: justify;\">Une fois la culture commune instaur\u00e9e par l\u2019entreprise, il va falloir la communiquer \u00e0 tous pour que chacun en fasse bon usage.<\/p>\n<p class=\"p1\" style=\"text-align: justify;\">Il est important que chaque acteur comprenne le lien entre la r\u00e9alit\u00e9 \u00e9conomique, les solutions propos\u00e9es et<span class=\"Apple-converted-space\">\u00a0 <\/span>la conscience de pouvoir agir pour produire un changement. Le manager aura un r\u00f4le p\u00e9dagogique \u00e0 jouer pour expliquer la politique du savoir et \u00ab\u00a0la vision\u00a0\u00bb dans laquelle elle s\u2019inscrit.<\/p>\n<p class=\"p1\" style=\"text-align: justify;\">En sachant r\u00e9pondre aux besoins toujours nouveaux de ses clients, en s\u2019adaptant aux fluctuations du march\u00e9, l\u2019entreprise apprenante devient le mod\u00e8le \u00e0 suivre. Le savoir associ\u00e9 \u00e0 l\u2019adaptabilit\u00e9 et \u00e0 la r\u00e9activit\u00e9 font de l\u2019entreprise apprenante l\u2019exemple d\u2019une entit\u00e9 novatrice et performante.<\/p>\n<div style=\"border: 2px solid #3fc16f; padding: 15px;\">\n<h2 style=\"text-align: justify;\">Points \u00e0 retenir<\/h2>\n<ul style=\"text-align: justify;\">\n<li style=\"text-align: justify;\">L&rsquo;entreprise apprenante est consid\u00e9r\u00e9e comme une <span style=\"color: #3fc16f;\"><strong>entit\u00e9 en mouvement<\/strong><\/span> dot\u00e9e de la capacit\u00e9 d&rsquo;\u00e9voluer et de s&rsquo;adapter en permanence \u00e0 son environnement.<\/li>\n<li style=\"text-align: justify;\">L&rsquo;entreprise apprenante maintient sa productivit\u00e9 en \u00e9tudiant l&rsquo;environnement, en le <span style=\"color: #3fc16f;\"><strong>comprenant<\/strong><\/span> et en <span style=\"color: #3fc16f;\"><strong>agissant<\/strong><\/span> en fonction de lui.<\/li>\n<li style=\"text-align: justify;\">La valeur ajout\u00e9e de l&rsquo;entreprise apprenante r\u00e9side dans le fait de rester <span style=\"color: #3fc16f;\"><strong>connect\u00e9e<\/strong><\/span> aux besoins du march\u00e9.<\/li>\n<li style=\"text-align: justify;\">Dans une entreprise apprenante, chaque <span style=\"color: #3fc16f;\"><strong>difficult\u00e9<\/strong><\/span> est envisag\u00e9e comme une formidable <strong><span style=\"color: #3fc16f;\">opportunit\u00e9 d&rsquo;apprentissage<\/span><\/strong>.<\/li>\n<li style=\"text-align: justify;\">L&rsquo;entreprise apprenante s&rsquo;attache \u00e0 la <span style=\"color: #3fc16f;\"><strong>r\u00e9solution des probl\u00e8mes<\/strong><\/span> pour en\u00a0tirer une <span style=\"color: #3fc16f;\"><strong>base d&rsquo;apprentissage<\/strong><\/span>.<\/li>\n<li style=\"text-align: justify;\">L&rsquo;entreprise apprenante favorise la <span style=\"color: #3fc16f;\"><strong>r\u00e9flexion<\/strong><\/span> sur les actions men\u00e9es entre collaborateurs.<\/li>\n<li style=\"text-align: justify;\">L&rsquo;entreprise apprenante \u00e9tablit une \u00ab\u00a0politique du savoir\u00a0\u00bb.<\/li>\n<li style=\"text-align: justify;\">Elle parvient \u00e0 faire <span style=\"color: #3fc16f;\"><strong>adh\u00e9rer<\/strong><\/span> ses collaborateurs \u00e0 sa vision d&rsquo;entreprise.<\/li>\n<\/ul>\n<\/div>\n<p>&nbsp;[\/et_pb_text][\/et_pb_column][\/et_pb_row][\/et_pb_section]<\/p>\n","protected":false},"excerpt":{"rendered":"<p>Penser l\u2019entreprise diff\u00e9remment pour innover, gagner en comp\u00e9titivit\u00e9 et performance, telle est l\u2019ambition de l\u2019entreprise apprenante. \u00ab\u00a0Une entreprise apprenante est bien plus qu\u2019une structure qui favorise l\u2019apprentissage des salari\u00e9s. C\u2019est une organisation qui, elle-m\u00eame, apprend et s\u2019adapte de mani\u00e8re organique.\u00a0\u00bb Alexandre Malarewicz. Cette notion appara\u00eet en 1990 avec les travaux du professeur de management am\u00e9ricain [&hellip;]<\/p>\n","protected":false},"author":3,"featured_media":3120,"comment_status":"open","ping_status":"open","sticky":false,"template":"","format":"standard","meta":{"_et_pb_use_builder":"on","_et_pb_old_content":"<p class=\"p1\" style=\"text-align: justify;\">Penser l\u2019entreprise diff\u00e9remment pour <span style=\"color: #3fc16f;\"><b>innover<\/b><\/span>, <span style=\"color: #3fc16f;\"><b>gagner<\/b><\/span> en <span style=\"color: #3fc16f;\"><b>comp\u00e9titivit\u00e9<\/b><\/span> et <span style=\"color: #3fc16f;\"><b>performance<\/b><\/span>, telle est l\u2019ambition de l\u2019entreprise apprenante.<\/p>\r\n<p class=\"p1\" style=\"text-align: justify;\">\u00ab\u00a0Une entreprise apprenante est bien plus qu\u2019une structure qui favorise l\u2019apprentissage des salari\u00e9s. C\u2019est une organisation qui, elle-m\u00eame, apprend et s\u2019adapte de mani\u00e8re organique.\u00a0\u00bb Alexandre Malarewicz.<\/p>\r\n<p class=\"p1\" style=\"text-align: justify;\">Cette notion appara\u00eet en 1990 avec les travaux du professeur de management am\u00e9ricain Peter Senge\u00a0: selon lui, tout part de <span style=\"color: #3fc16f;\"><b>l\u2019environnement<\/b><\/span>. C\u2019est en \u00e9tudiant cet environnement, en le comprenant et en agissant en fonction de lui que l\u2019entreprise maintient sa productivit\u00e9.<\/p>\r\n<p class=\"p1\" style=\"text-align: justify;\">L\u2019entreprise n\u2019est donc plus envisag\u00e9e comme un moyen\u00a0mais comme une fin. Elle n\u2019est plus seulement une entit\u00e9 qui permet \u00e0 ses salari\u00e9s de suivre des formations pour accro\u00eetre leurs comp\u00e9tences (moyen). L\u2019entreprise est d\u00e9sormais consid\u00e9r\u00e9e comme une entit\u00e9 en mouvement dot\u00e9e de la capacit\u00e9 d\u2019\u00e9voluer et de s\u2019adapter en permanence \u00e0 son environnement (fin).<\/p>\r\n<p class=\"p1\" style=\"text-align: justify;\">Comment\u00a0repenser la culture de l\u2019apprentissage pour faire de votre entreprise une entreprise apprenante<b> <\/b>? C\u2019est ce qu\u2019Alexandre Malarewicz, enseignant \u00e0 HEC Paris, vous explique ci-apr\u00e8s.<\/p>\r\n\r\n<h2 class=\"p1\" style=\"text-align: justify;\">Vers une nouvelle culture d'entreprise et d'apprentissage<\/h2>\r\n<p class=\"p1\" style=\"text-align: justify;\">Aujourd\u2019hui, atteindre des objectifs professionnels, commerciaux, ne suffit plus \u00e0 maintenir le plus haut degr\u00e9 de productivit\u00e9. La valeur ajout\u00e9e de l\u2019entreprise apprenante r\u00e9side dans le fait de rester connect\u00e9e aux besoins du march\u00e9.<\/p>\r\n<p class=\"p1\" style=\"text-align: justify;\">Pour cela, l\u2019entreprise apprenante doit r\u00e9pondre \u00e0 3 exigences majeures\u00a0:<\/p>\r\n<p class=\"p1\" style=\"text-align: justify;\">- <span style=\"color: #3fc16f;\"><b>Anticiper<\/b><\/span> et <span style=\"color: #3fc16f;\"><b>s\u2019adapter<\/b><\/span> aux \u00e9volutions du march\u00e9.<\/p>\r\n<p class=\"p1\" style=\"text-align: justify;\">- <span style=\"color: #3fc16f;\"><b>Stimuler<\/b><\/span> la <span style=\"color: #3fc16f;\"><b>cr\u00e9ativit\u00e9<\/b><\/span>, l\u2019esprit d\u2019initiative et l\u2019autonomie des salari\u00e9s.<\/p>\r\n<p class=\"p1\" style=\"text-align: justify;\">- <span style=\"color: #3fc16f;\"><b>Attirer<\/b><\/span>, <span style=\"color: #3fc16f;\"><b>fid\u00e9liser<\/b><\/span> et investir dans ses <span style=\"color: #3fc16f;\"><b>talents<\/b><\/span>.<\/p>\r\n<p class=\"p1\" style=\"text-align: justify;\">Ainsi, selon Peter Senge, pour agir en fonction de l\u2019environnement, il est imp\u00e9ratif de d\u00e9velopper l\u2019apprentissage au niveau salarial et<b> <\/b>aussi au niveau de l\u2019entit\u00e9 elle-m\u00eame.<\/p>\r\n<p class=\"p1\" style=\"text-align: justify;\">Comment favoriser l\u2019apprentissage\u00a0dans une entreprise apprenante ?<\/p>\r\n<p class=\"p1\" style=\"text-align: justify;\">- En <span style=\"color: #3fc16f;\"><b>cr\u00e9ant<\/b><\/span>, <span style=\"color: #3fc16f;\"><b>d\u00e9veloppant<\/b><\/span> et en <span style=\"color: #3fc16f;\"><b>transf\u00e9rant<\/b><\/span> du savoir aux salari\u00e9s.<\/p>\r\n<p class=\"p1\" style=\"text-align: justify;\">- En <span style=\"color: #3fc16f;\"><b>modifiant<\/b><\/span> ses <span style=\"color: #3fc16f;\"><b>comportements<\/b><\/span>, ses process, son organisation pour agir de mani\u00e8re adapt\u00e9e \u00e0 la multitude de situations qui se pr\u00e9sentent.<\/p>\r\n<p class=\"p1\" style=\"text-align: justify;\">Voici les 3 conseils d\u2019Alexandre Malarewicz<span class=\"s1\">\u00a0:<\/span><\/p>\r\n\r\n<h3 style=\"text-align: justify;\"><span style=\"text-decoration: underline;\"><strong>1. Donner la priorit\u00e9 \u00e0 la r\u00e9solution des probl\u00e8mes<\/strong><\/span><\/h3>\r\n<p class=\"p1\" style=\"text-align: justify;\">Dans une entreprise apprenante, <span style=\"color: #3fc16f;\"><b>chaque<\/b> <b>difficult\u00e9<\/b><\/span> est envisag\u00e9e comme une <span style=\"color: #3fc16f;\"><b>formidable<\/b> <b>opportunit\u00e9<\/b> <b>d\u2019apprentissage<\/b><\/span>.<\/p>\r\n<p class=\"p1\" style=\"text-align: justify;\">Ainsi, quand un probl\u00e8me appara\u00eet, il est trait\u00e9 de la mani\u00e8re suivante\u00a0:<\/p>\r\n\r\n<ul style=\"text-align: justify;\">\r\n \t<li class=\"p1\" style=\"text-align: justify;\">Identifier et analyser le probl\u00e8me qui se pr\u00e9sente.<\/li>\r\n \t<li class=\"p1\" style=\"text-align: justify;\"><span style=\"color: #3fc16f;\"><b>Chercher<\/b><\/span> la <span style=\"color: #3fc16f;\"><b>solution<\/b><\/span>\u00a0en s\u2019attachant aux <span style=\"color: #3fc16f;\"><b>faits<\/b><\/span> pour prendre la d\u00e9cision qui convient\u00a0: rechercher des donn\u00e9es fiables, d\u00e9finir les indicateurs de qualit\u00e9 etc.<\/li>\r\n \t<li class=\"p1\" style=\"text-align: justify;\"><span style=\"color: #3fc16f;\"><b>Valoriser<\/b> <b>l\u2019exp\u00e9rimentation<\/b><\/span> tout en cadrant la prise de risque. Le risque z\u00e9ro n\u2019existe pas, c\u2019est pourquoi il est important de d\u00e9limiter son p\u00e9rim\u00e8tre de s\u00e9curit\u00e9, qu\u2019il soit \u00e9conomique ou humain. Une fois cela fait, vous pourrez d\u00e9l\u00e9guer, demander des avis pour rendre vos collaborateurs autonomes dans leur travail exp\u00e9rimental.<\/li>\r\n \t<li class=\"p1\" style=\"text-align: justify;\">Suivre une <span style=\"color: #3fc16f;\"><b>pens\u00e9e<\/b> <b>syst\u00e9mique<\/b><\/span>\u00a0: il s\u2019agit d\u2019envisager un probl\u00e8me dans son ensemble en <span style=\"color: #3fc16f;\"><b>\u00e9largissant<\/b><\/span> le focus. Prenez du recul, pensez global\u00a0et restez flexible !<\/li>\r\n<\/ul>\r\n<h3 style=\"text-align: justify;\"><span style=\"text-decoration: underline;\"><strong>2. Instaurer une dimension r\u00e9flexive sur l'exp\u00e9rience<\/strong><\/span><\/h3>\r\n<p class=\"p1\" style=\"text-align: justify;\">Nous venons de voir que dans une entreprise apprenante, chaque <span style=\"color: #3fc16f;\"><b>action<\/b> <b>men\u00e9e<\/b><\/span> est <span style=\"color: #3fc16f;\"><b>source<\/b> <b>d\u2019apprentissage<\/b><\/span>. C\u2019est pourquoi il est d\u2019usage de dresser un bilan de ces actions : quelles ont \u00e9t\u00e9 les difficult\u00e9s rencontr\u00e9es, quelles strat\u00e9gies ont \u00e9t\u00e9 adopt\u00e9es, quelles d\u00e9cisions ont \u00e9t\u00e9 prises, quelles sont les cons\u00e9quences positives comme n\u00e9gatives\u00a0etc.<\/p>\r\n<p class=\"p1\" style=\"text-align: justify;\">Peter Senge insiste sur l\u2019importance d\u2019\u00a0\u00abapprendre continuellement \u00e0 apprendre ensemble\u00a0\u00bb.<\/p>\r\n<p class=\"p1\" style=\"text-align: justify;\">Comment faire\u00a0pour favoriser la r\u00e9flexion entre collaborateurs ?<\/p>\r\n\r\n<ul style=\"text-align: justify;\">\r\n \t<li class=\"p1\">En <span style=\"color: #3fc16f;\"><b>planifiant<\/b><\/span> des temps de bilans\u00a0pour mettre en perspective les r\u00e9sultats obtenus au regard des objectifs pos\u00e9s.<\/li>\r\n \t<li class=\"p1\">En <span style=\"color: #3fc16f;\"><b>int\u00e9grant<\/b><\/span> des pratiques de <span style=\"color: #3fc16f;\"><b>coaching<\/b><\/span>, des <span style=\"color: #3fc16f;\"><b>feed<\/b>-<b>back<\/b><\/span>, des suivis individualis\u00e9s par un manager.<\/li>\r\n \t<li class=\"p1\">En proposant des <span style=\"color: #3fc16f;\"><b>retours<\/b> <b>collectifs<\/b> <b>d\u2019exp\u00e9rience<\/b><\/span>.<\/li>\r\n<\/ul>\r\n<p class=\"p1\" style=\"text-align: justify;\">C\u2019est ainsi que l\u2019entreprise va \u00e9laborer sa base de connaissances, \u00e9difier des techniques, des process et instaurer une culture commune \u00e0 tous les services. La force de l\u2019entreprise apprenante va \u00eatre de normaliser ces r\u00e9sultats en \u00ab\u00a0politique du savoir\u00a0\u00bb.<\/p>\r\n\r\n<h3 class=\"p1\" style=\"text-align: justify;\"><span style=\"text-decoration: underline;\"><strong>3. \u00c9tablir et communiquer sa politique du savoir<\/strong><\/span><\/h3>\r\n<p class=\"p1\" style=\"text-align: justify;\">La politique du savoir englobe les \u00e9l\u00e9ments suivants\u00a0:<\/p>\r\n\r\n<ul style=\"text-align: justify;\">\r\n \t<li class=\"p1\">Tenir et \u00e9toffer une <span style=\"color: #3fc16f;\"><b>base<\/b> <b>de<\/b> <b>connaissances<\/b><\/span>.<\/li>\r\n \t<li class=\"p1\">Identifier et mettre en avant les <span style=\"color: #3fc16f;\"><b>comp\u00e9tences<\/b><\/span> de chacun gr\u00e2ce \u00e0 un <span style=\"color: #3fc16f;\"><b>r\u00e9f\u00e9rentiel<\/b><\/span>.<\/li>\r\n \t<li class=\"p1\">Identifier les besoins de <span style=\"color: #3fc16f;\"><b>formation<\/b><\/span> des salari\u00e9s\u00a0en se fondant sur leurs <span style=\"color: #3fc16f;\"><b>sources<\/b><\/span> de <span style=\"color: #3fc16f;\"><b>motivation<\/b><\/span>, leurs <span style=\"color: #3fc16f;\"><b>comp\u00e9tences<\/b><\/span>, leurs <span style=\"color: #3fc16f;\"><b>ambitions<\/b><\/span><span class=\"s1\">.\u00a0<\/span><\/li>\r\n<\/ul>\r\n<p class=\"p1\" style=\"text-align: justify;\">Une fois la culture commune instaur\u00e9e par l\u2019entreprise, il va falloir la communiquer \u00e0 tous pour que chacun en fasse bon usage.<\/p>\r\n<p class=\"p1\" style=\"text-align: justify;\">Il est important que chaque acteur comprenne le lien entre la r\u00e9alit\u00e9 \u00e9conomique, les solutions propos\u00e9es et<span class=\"Apple-converted-space\">\u00a0 <\/span>la conscience de pouvoir agir pour produire un changement. Le manager aura un r\u00f4le p\u00e9dagogique \u00e0 jouer pour expliquer la politique du savoir et \u00ab\u00a0la vision\u00a0\u00bb dans laquelle elle s\u2019inscrit.<\/p>\r\n<p class=\"p1\" style=\"text-align: justify;\">En sachant r\u00e9pondre aux besoins toujours nouveaux de ses clients, en s\u2019adaptant aux fluctuations du march\u00e9, l\u2019entreprise apprenante devient le mod\u00e8le \u00e0 suivre. Le savoir associ\u00e9 \u00e0 l\u2019adaptabilit\u00e9 et \u00e0 la r\u00e9activit\u00e9 font de l\u2019entreprise apprenante l\u2019exemple d\u2019une entit\u00e9 novatrice et performante.<\/p>\r\n\r\n<div style=\"border: 2px solid #3fc16f; padding: 15px;\">\r\n<h2 style=\"text-align: justify;\">Points \u00e0 retenir<\/h2>\r\n<ul style=\"text-align: justify;\">\r\n \t<li style=\"text-align: justify;\">L'entreprise apprenante est consid\u00e9r\u00e9e comme une <span style=\"color: #3fc16f;\"><strong>entit\u00e9 en mouvement<\/strong><\/span> dot\u00e9e de la capacit\u00e9 d'\u00e9voluer et de s'adapter en permanence \u00e0 son environnement.<\/li>\r\n \t<li style=\"text-align: justify;\">L'entreprise apprenante maintient sa productivit\u00e9 en \u00e9tudiant l'environnement, en le <span style=\"color: #3fc16f;\"><strong>comprenant<\/strong><\/span> et en <span style=\"color: #3fc16f;\"><strong>agissant<\/strong><\/span> en fonction de lui.<\/li>\r\n \t<li style=\"text-align: justify;\">La valeur ajout\u00e9e de l'entreprise apprenante r\u00e9side dans le fait de rester <span style=\"color: #3fc16f;\"><strong>connect\u00e9e<\/strong><\/span> aux besoins du march\u00e9.<\/li>\r\n \t<li style=\"text-align: justify;\">Dans une entreprise apprenante, chaque <span style=\"color: #3fc16f;\"><strong>difficult\u00e9<\/strong><\/span> est envisag\u00e9e comme une formidable <strong><span style=\"color: #3fc16f;\">opportunit\u00e9 d'apprentissage<\/span><\/strong>.<\/li>\r\n \t<li style=\"text-align: justify;\">L'entreprise apprenante s'attache \u00e0 la <span style=\"color: #3fc16f;\"><strong>r\u00e9solution des probl\u00e8mes<\/strong><\/span> pour en\u00a0tirer une <span style=\"color: #3fc16f;\"><strong>base d'apprentissage<\/strong><\/span>.<\/li>\r\n \t<li style=\"text-align: justify;\">L'entreprise apprenante favorise la <span style=\"color: #3fc16f;\"><strong>r\u00e9flexion<\/strong><\/span> sur les actions men\u00e9es entre collaborateurs.<\/li>\r\n \t<li style=\"text-align: justify;\">L'entreprise apprenante \u00e9tablit une \"politique du savoir\".<\/li>\r\n \t<li style=\"text-align: justify;\">Elle parvient \u00e0 faire <span style=\"color: #3fc16f;\"><strong>adh\u00e9rer<\/strong><\/span> ses collaborateurs \u00e0 sa vision d'entreprise.<\/li>\r\n<\/ul>\r\n<\/div>\r\n&nbsp;","_et_gb_content_width":"","footnotes":""},"categories":[6],"tags":[],"class_list":["post-2604","post","type-post","status-publish","format-standard","has-post-thumbnail","hentry","category-dossier-thema","et-has-post-format-content","et_post_format-et-post-format-standard"],"views":2822,"_links":{"self":[{"href":"https:\/\/www.capitecorpus.com\/blog\/wp-json\/wp\/v2\/posts\/2604","targetHints":{"allow":["GET"]}}],"collection":[{"href":"https:\/\/www.capitecorpus.com\/blog\/wp-json\/wp\/v2\/posts"}],"about":[{"href":"https:\/\/www.capitecorpus.com\/blog\/wp-json\/wp\/v2\/types\/post"}],"author":[{"embeddable":true,"href":"https:\/\/www.capitecorpus.com\/blog\/wp-json\/wp\/v2\/users\/3"}],"replies":[{"embeddable":true,"href":"https:\/\/www.capitecorpus.com\/blog\/wp-json\/wp\/v2\/comments?post=2604"}],"version-history":[{"count":2,"href":"https:\/\/www.capitecorpus.com\/blog\/wp-json\/wp\/v2\/posts\/2604\/revisions"}],"predecessor-version":[{"id":3121,"href":"https:\/\/www.capitecorpus.com\/blog\/wp-json\/wp\/v2\/posts\/2604\/revisions\/3121"}],"wp:featuredmedia":[{"embeddable":true,"href":"https:\/\/www.capitecorpus.com\/blog\/wp-json\/wp\/v2\/media\/3120"}],"wp:attachment":[{"href":"https:\/\/www.capitecorpus.com\/blog\/wp-json\/wp\/v2\/media?parent=2604"}],"wp:term":[{"taxonomy":"category","embeddable":true,"href":"https:\/\/www.capitecorpus.com\/blog\/wp-json\/wp\/v2\/categories?post=2604"},{"taxonomy":"post_tag","embeddable":true,"href":"https:\/\/www.capitecorpus.com\/blog\/wp-json\/wp\/v2\/tags?post=2604"}],"curies":[{"name":"wp","href":"https:\/\/api.w.org\/{rel}","templated":true}]}}