{"id":268,"date":"2015-11-09T09:41:36","date_gmt":"2015-11-09T08:41:36","guid":{"rendered":"http:\/\/testcc2.sbrocard.com\/?p=268"},"modified":"2016-05-10T15:13:54","modified_gmt":"2016-05-10T14:13:54","slug":"les-atouts-du-co-developpement","status":"publish","type":"post","link":"https:\/\/www.capitecorpus.com\/blog\/les-atouts-du-co-developpement\/","title":{"rendered":"Les atouts du Co-D\u00e9veloppement"},"content":{"rendered":"<p style=\"text-align: justify;\">De plus en plus d&rsquo;entreprises font appel au co-d\u00e9veloppement pour am\u00e9liorer les pratiques professionnelles de leurs collaborateurs&#8230;<\/p>\n<p style=\"text-align: justify;\">Gr\u00e2ce \u00e0 un processus en six \u00e9tapes structurant la parole, l&rsquo;\u00e9coute, la r\u00e9flexion et incitant \u00e0 l&rsquo;action, les collaborateurs contribuent mutuellement \u00e0 leur d\u00e9veloppement professionnel.<\/p>\n<p style=\"text-align: justify;\">Pour l&rsquo;entreprise, les atouts du co-d\u00e9veloppement sont nombreux :<\/p>\n<ul style=\"text-align: justify;\">\n<li><span style=\"color: #3fc16f;\"><strong>D\u00e9velopper<\/strong><\/span> les comp\u00e9tences de ses collaborateurs<\/li>\n<li><span style=\"color: #3fc16f;\"><strong>Dynamiser<\/strong><\/span> ses troupes<\/li>\n<li><span style=\"color: #3fc16f;\"><strong>Cr\u00e9er<\/strong><\/span> ou <span style=\"color: #3fc16f;\"><strong>resserrer des liens<\/strong><\/span> dans l&rsquo;entreprise<\/li>\n<li><span style=\"color: #3fc16f;\"><strong>Consolider<\/strong><\/span> l&rsquo;identit\u00e9 professionnelle des collaborateurs (&#8230;)<\/li>\n<\/ul>\n<p style=\"text-align: justify;\">En s&rsquo;appuyant sur le quotidien et l&rsquo;exp\u00e9rience des collaborateurs, l&rsquo;animateur-coach a un r\u00f4le cl\u00e9, sa ma\u00eetrise du processus et de la m\u00e9thode est un crit\u00e8re de r\u00e9ussite incontournable&#8230;<\/p>\n<p style=\"text-align: justify;\"><strong><a href=\"#\">En savoir plus &gt;&gt;&gt;<\/a><\/strong><\/p>\n<p style=\"text-align: justify;\">\n","protected":false},"excerpt":{"rendered":"<p>De plus en plus d&rsquo;entreprises font appel au co-d\u00e9veloppement pour am\u00e9liorer les pratiques professionnelles de leurs collaborateurs&#8230; Gr\u00e2ce \u00e0 un processus en six \u00e9tapes structurant la parole, l&rsquo;\u00e9coute, la r\u00e9flexion et incitant \u00e0 l&rsquo;action, les collaborateurs contribuent mutuellement \u00e0 leur d\u00e9veloppement professionnel. Pour l&rsquo;entreprise, les atouts du co-d\u00e9veloppement sont nombreux : D\u00e9velopper les comp\u00e9tences de [&hellip;]<\/p>\n","protected":false},"author":3,"featured_media":269,"comment_status":"open","ping_status":"open","sticky":false,"template":"","format":"standard","meta":{"_et_pb_use_builder":"","_et_pb_old_content":"","_et_gb_content_width":"","footnotes":""},"categories":[6,10],"tags":[],"class_list":["post-268","post","type-post","status-publish","format-standard","has-post-thumbnail","hentry","category-dossier-thema","category-management","et-has-post-format-content","et_post_format-et-post-format-standard"],"views":1740,"_links":{"self":[{"href":"https:\/\/www.capitecorpus.com\/blog\/wp-json\/wp\/v2\/posts\/268","targetHints":{"allow":["GET"]}}],"collection":[{"href":"https:\/\/www.capitecorpus.com\/blog\/wp-json\/wp\/v2\/posts"}],"about":[{"href":"https:\/\/www.capitecorpus.com\/blog\/wp-json\/wp\/v2\/types\/post"}],"author":[{"embeddable":true,"href":"https:\/\/www.capitecorpus.com\/blog\/wp-json\/wp\/v2\/users\/3"}],"replies":[{"embeddable":true,"href":"https:\/\/www.capitecorpus.com\/blog\/wp-json\/wp\/v2\/comments?post=268"}],"version-history":[{"count":0,"href":"https:\/\/www.capitecorpus.com\/blog\/wp-json\/wp\/v2\/posts\/268\/revisions"}],"wp:featuredmedia":[{"embeddable":true,"href":"https:\/\/www.capitecorpus.com\/blog\/wp-json\/wp\/v2\/media\/269"}],"wp:attachment":[{"href":"https:\/\/www.capitecorpus.com\/blog\/wp-json\/wp\/v2\/media?parent=268"}],"wp:term":[{"taxonomy":"category","embeddable":true,"href":"https:\/\/www.capitecorpus.com\/blog\/wp-json\/wp\/v2\/categories?post=268"},{"taxonomy":"post_tag","embeddable":true,"href":"https:\/\/www.capitecorpus.com\/blog\/wp-json\/wp\/v2\/tags?post=268"}],"curies":[{"name":"wp","href":"https:\/\/api.w.org\/{rel}","templated":true}]}}