{"id":2694,"date":"2021-11-19T10:47:19","date_gmt":"2021-11-19T09:47:19","guid":{"rendered":"https:\/\/www.capitecorpus.com\/blog\/?p=2694"},"modified":"2025-03-11T15:55:06","modified_gmt":"2025-03-11T14:55:06","slug":"se-manager-soi-meme-mieux-se-connaitre","status":"publish","type":"post","link":"https:\/\/www.capitecorpus.com\/blog\/se-manager-soi-meme-mieux-se-connaitre\/","title":{"rendered":"Se manager soi-m\u00eame ou comment mieux se conna\u00eetre peut conduire au succ\u00e8s"},"content":{"rendered":"<p>[et_pb_section fb_built=\u00a0\u00bb1&Prime; admin_label=\u00a0\u00bbsection\u00a0\u00bb _builder_version=\u00a0\u00bb4.16&Prime; global_colors_info=\u00a0\u00bb{}\u00a0\u00bb][et_pb_row admin_label=\u00a0\u00bbrow\u00a0\u00bb _builder_version=\u00a0\u00bb4.16&Prime; background_size=\u00a0\u00bbinitial\u00a0\u00bb background_position=\u00a0\u00bbtop_left\u00a0\u00bb background_repeat=\u00a0\u00bbrepeat\u00a0\u00bb global_colors_info=\u00a0\u00bb{}\u00a0\u00bb][et_pb_column type=\u00a0\u00bb4_4&Prime; _builder_version=\u00a0\u00bb4.16&Prime; custom_padding=\u00a0\u00bb|||\u00a0\u00bb global_colors_info=\u00a0\u00bb{}\u00a0\u00bb custom_padding__hover=\u00a0\u00bb|||\u00a0\u00bb][et_pb_text admin_label=\u00a0\u00bbText\u00a0\u00bb _builder_version=\u00a0\u00bb4.16&Prime; background_size=\u00a0\u00bbinitial\u00a0\u00bb background_position=\u00a0\u00bbtop_left\u00a0\u00bb background_repeat=\u00a0\u00bbrepeat\u00a0\u00bb global_colors_info=\u00a0\u00bb{}\u00a0\u00bb]<\/p>\n<p style=\"text-align: justify;\">La plupart d&rsquo;entre nous pense savoir quels sont ses points forts et ses faiblesses mais sommes-nous pour autant tr\u00e8s objectifs ? N&rsquo;est-ce pas en comptant sur ses atouts que l&rsquo;on parvient \u00e0 trouver sa l\u00e9gitimit\u00e9 dans le monde professionnel ? Ainsi, selon le professeur et consultant am\u00e9ricain en management d\u2019entreprise Peter F. Drucker, se manager soi-m\u00eame est un pr\u00e9alable n\u00e9cessaire \u00e0 toute forme d\u2019encadrement. Cela permet de trouver sa juste place et de rester impliqu\u00e9 tout au long de sa carri\u00e8re professionnelle, mais pas que. Se <strong><span style=\"color: #ff9849;\">manager soi-m\u00eame<\/span><\/strong> c\u2019est, aussi et surtout, attirer \u00e0 soi le succ\u00e8s gr\u00e2ce \u00e0 une bonne connaissance de ses valeurs, de ses atouts et de ses domaines de comp\u00e9tence.<\/p>\n<p style=\"text-align: justify;\">Loin d\u2019\u00eatre une pr\u00e9disposition inn\u00e9e, se manager soi-m\u00eame s\u2019apprend en cheminant vers la connaissance de soi. Pour cela, Peter F. Drucker propose de r\u00e9pondre \u00e0 5 questions permettant de percer \u00e0 jour nos talents cach\u00e9s.<\/p>\n<h2 style=\"text-align: justify;\">Les 5 questions permettant de mieux se conna\u00eetre<\/h2>\n<h3 style=\"text-align: justify;\">Quels sont mes points forts ?<\/h3>\n<p style=\"text-align: justify;\">La performance se construit sur ses atouts et non sur ses faiblesses alors prenez le temps de vous interroger. Pour cela, il existe un outil infaillible\u00a0: <span style=\"color: #ff9849;\"><strong>l\u2019analyse r\u00e9troactive<\/strong>.<\/span> Cet outil nous vient d\u2019un th\u00e9ologien allemand du XIV\u00e8me si\u00e8cle et fut repris par les non moins illustres Jean Calvin et Ignace de Loyola.<\/p>\n<p style=\"text-align: justify;\">Voici comment proc\u00e9der\u00a0: \u00e0 chaque d\u00e9cision importante ou action engag\u00e9e, notez le r\u00e9sultat que vous souhaitez obtenir. Une fois le r\u00e9sultat obtenu, (quelques semaines ou mois plus tard) comparez-le avec celui que vous aviez escompt\u00e9. L\u2019analyse r\u00e9troactive est la fa\u00e7on la plus simple et pr\u00e9cise pour identifier votre conduite \u00e0 tenir car elle met en lumi\u00e8re\u00a0:<\/p>\n<ul style=\"text-align: justify;\">\n<li><span style=\"color: #ff9849;\"><strong>Vos points forts<\/strong><\/span>\u00a0: n\u2019ayez de cesse de les perfectionner et de les mettre en \u0153uvre.<\/li>\n<li><span style=\"color: #ff9849;\"><strong>Vos faiblesses\u00a0<\/strong><\/span>: une fois identifi\u00e9es, vous pourrez les am\u00e9liorer.<\/li>\n<li><span style=\"color: #ff9849;\"><strong>Les domaines o\u00f9 vous faites preuve \u00ab\u00a0d\u2019arrogance intellectuelle\u00a0\u00bb<\/strong><\/span>\u00a0: laissez de c\u00f4t\u00e9 la vanit\u00e9 pour vous ouvrir sur votre environnement avec humilit\u00e9 et objectivit\u00e9.<\/li>\n<li><span style=\"color: #ff9849;\"><strong>Vos mauvaises habitudes<\/strong><\/span>\u00a0: que vous pourrez corriger.<\/li>\n<li><span style=\"color: #ff9849;\"><strong>Votre mani\u00e8re d\u2019\u00eatre<\/strong>\u00a0<\/span>: avez-vous toujours la bonne attitude dans vos relations professionnelles\u00a0?<\/li>\n<\/ul>\n<h3 style=\"text-align: justify;\">Quel est mon style de travail ?<\/h3>\n<p style=\"text-align: justify;\">Il existe diff\u00e9rentes fa\u00e7ons d\u2019exercer son m\u00e9tier, diverses m\u00e9thodologies, diverses postures professionnelles. Si vous travaillez selon un sch\u00e9ma qui n\u2019est pas le v\u00f4tre, vous augmenterez le niveau de difficult\u00e9 et donc vous r\u00e9duirez votre productivit\u00e9. La fa\u00e7on de travailler ne se choisit pas, elle est inh\u00e9rente \u00e0 votre personnalit\u00e9. Pour savoir comment vous fonctionnez, vous pouvez vous poser les questions suivantes\u00a0:<\/p>\n<ul style=\"text-align: justify;\">\n<li>Suis-je <span style=\"color: #ff9849;\"><strong>auditif <\/strong><\/span>ou <strong><span style=\"color: #ff9849;\">visuel<\/span>\u00a0<\/strong>? Si vous \u00eates visuel, vous avez besoin de lire ou de poser les choses par \u00e9crit avant de vous exprimer. Si vous \u00eates auditif, vous serez \u00e0 l\u2019aise dans les conversations.<\/li>\n<li>Quel est mon <span style=\"color: #ff9849;\"><strong>style d\u2019apprentissage<\/strong><\/span>\u00a0? Apprenez-vous en \u00e9crivant, en agissant ou en parlant\u00a0?<\/li>\n<li>Est-ce que je sais <span style=\"color: #ff9849;\"><strong>travailler en \u00e9quipe ou suis-je un solitaire<\/strong><\/span>\u00a0? Si je sais travailler en \u00e9quipe, quelle est la nature de mes relations au sein de l\u2019\u00e9quipe\u00a0?<\/li>\n<li>Est-ce que j\u2019obtiens de meilleurs r\u00e9sultats comme <span style=\"color: #ff9849;\"><strong>d\u00e9cideur<\/strong><\/span> ou comme <span style=\"color: #ff9849;\"><strong>conseiller<\/strong><\/span>\u00a0?<\/li>\n<li>Suis-je efficace en <span style=\"color: #ff9849;\"><strong>situation de stress<\/strong><\/span> ou ai-je besoin d\u2019un <span style=\"color: #ff9849;\"><strong>environnement\u00a0s\u00e9curis\u00e9<\/strong><\/span> ?<\/li>\n<li>Est-ce que je travaille mieux dans une <span style=\"color: #ff9849;\"><strong>grande<\/strong><\/span> ou dans une <strong><span style=\"color: #ff9849;\">petite structure\u00a0<\/span><\/strong>?<\/li>\n<\/ul>\n<h3 style=\"text-align: justify;\">Quelles sont mes valeurs ?<\/h3>\n<p style=\"text-align: justify;\">Interrogez-vous pour savoir si <span style=\"color: #ff9849;\"><strong>vos valeurs<\/strong><\/span> sont en accord avec celles de l\u2019entreprise dans laquelle vous travaillez. En effet, travailler dans une entreprise dont le syst\u00e8me de valeurs ne correspond pas au v\u00f4tre vous fera perdre en engagement et en productivit\u00e9. Les conflits de valeurs peuvent se retrouver dans la politique commerciale, de ressources humaines comme dans la strat\u00e9gie. Les conflits de valeurs peuvent appara\u00eetre avec vos points forts\u00a0: vous pouvez exceller dans un domaine de comp\u00e9tence sans pour autant \u00eatre en accord avec vos valeurs. En <span style=\"color: #ff9849;\"><strong>respectant vos valeurs<\/strong><\/span>, vous opterez pour le choix professionnel le plus coh\u00e9rent et le plus juste pour vous.<\/p>\n<h3 style=\"text-align: justify;\">Quelle est ma place ?<\/h3>\n<p style=\"text-align: justify;\">Une fois apr\u00e8s avoir r\u00e9pondu aux 3 questions pr\u00e9c\u00e9dentes (quels sont mes points forts, quel est mon style de travail et quelles sont mes valeurs), vous devriez \u00eatre en mesure de <span style=\"color: #ff9849;\"><strong>d\u00e9terminer les domaines<\/strong><\/span> dans lesquels vous n\u2019avez pas votre place. Par exemple, si vous avez compris que vous n\u2019\u00e9tiez pas un d\u00e9cideur mais un conseiller, et bien cherchez un poste de conseiller pour \u00eatre dans votre zone d\u2019excellence. Autre exemple, si une opportunit\u00e9 ou un changement professionnel vous est pr\u00e9sent\u00e9, vous saurez si c\u2019est bon pour vous d\u2019accepter ou non la proposition. Dans l\u2019affirmative, vous construirez votre nouvel emploi ou vos nouvelles missions autour de vos valeurs et de vos atouts.<\/p>\n<h3 style=\"text-align: justify;\">Quelle devrait \u00eatre ma contribution ?<\/h3>\n<p style=\"text-align: justify;\">Le monde du travail est sorti de l\u2019\u00e8re de la subordination. Dans un rapport de subordination, le sup\u00e9rieur hi\u00e9rarchique assigne ses t\u00e2ches \u00e0 son collaborateur. Ce dernier se borne \u00e0 faire ce qu\u2019on lui demande. A l\u2019inverse, laisser son collaborateur \u0153uvrer \u00e0 sa mani\u00e8re n\u2019est gu\u00e8re plus productif. Voil\u00e0 pourquoi il est essentiel de d\u00e9terminer quelle est votre contribution\u00a0: \u00ab\u00a0o\u00f9 et comment puis-je <span style=\"color: #ff9849;\"><strong>obtenir des r\u00e9sultats<\/strong><\/span> qui feront changer les choses dans les 18 mois \u00e0 venir\u00a0\u00bb\u00a0? Voici les crit\u00e8res pour vous aider \u00e0 r\u00e9pondre \u00e0 cette question\u00a0:<\/p>\n<ul style=\"text-align: justify;\">\n<li>Les r\u00e9sultats doivent \u00eatre difficiles \u00e0 atteindre, mais accessibles. Cela doit vous demander de faire des efforts.<\/li>\n<li>Les r\u00e9sultats doivent \u00eatre atteignables.<\/li>\n<li>Les r\u00e9sultats doivent \u00eatre significatifs, c\u2019est-\u00e0-dire permettre d\u2019apporter du changement.<\/li>\n<li>Les r\u00e9sultats doivent \u00eatre observables et quantifiables.<\/li>\n<\/ul>\n<p style=\"text-align: justify;\">C\u2019est en r\u00e9pondant \u00e0 ces questions que vous trouverez votre strat\u00e9gie, votre conduite \u00e0 tenir.<\/p>\n<h2 style=\"text-align: justify;\">L&rsquo;engagement relationnel pour se manager soi-m\u00eame<\/h2>\n<p style=\"text-align: justify;\">Se manager soi-m\u00eame ne signifie pas qu\u2019il faille travailler en solitaire pour obtenir des r\u00e9sultats. Au contraire, se manager soi-m\u00eame n\u00e9cessite d\u2019interagir avec les autres. Pour avoir des relations inter-personnelles harmonieuses et en tirer de la performance, il est n\u00e9cessaire de consid\u00e9rer ses collaborateurs. Ayez conscience que \u00ab\u00a0l\u2019autre\u00a0\u00bb est un individu \u00e0 part enti\u00e8re qui a ses points forts, son style de travail et ses valeurs. Fort de vos connaissances en la mati\u00e8re vous saurez non seulement les rep\u00e9rer chez vos collaborateurs mais aussi les amener \u00e0 se poser les bonnes questions. Ainsi le manager pourra s\u2019adapter aux m\u00e9thodes de ses collaborateurs pour leur assurer les meilleures performances. C\u2019est pourquoi on ne peut faire l\u2019\u00e9conomie de la communication avec quiconque.<\/p>\n<p style=\"text-align: justify;\">Parce que vous \u00eates avant tout des individus devant vous acquitter de votre charge en faisant le meilleur usage de vos comp\u00e9tences, apprendre \u00e0 vous manager vous-m\u00eame pourra vous propulser de la comp\u00e9tence \u00e0 l\u2019excellence.<\/p>\n<div style=\"border: 2px solid #ff9849; padding: 15px;\">\n<h3 style=\"letter-spacing: -0.01em; text-align: justify;\">Points \u00e0 retenir\u00a0:<\/h3>\n<ul>\n<li class=\"p1\" style=\"text-align: justify;\">Parce que la performance <span style=\"color: #ff9849;\"><strong>se construit sur ses atouts<\/strong><\/span>, savoir se manager soi-m\u00eame est essentiel.<\/li>\n<li class=\"p1\" style=\"text-align: justify;\">L\u2019<span style=\"color: #ff9849;\"><strong>analyse r\u00e9troactive<\/strong><\/span> est un outil efficace pour d\u00e9terminer ses atouts.<\/li>\n<li class=\"p1\" style=\"text-align: justify;\">Travailler selon <span style=\"color: #ff9849;\"><strong>son style de travail<\/strong><\/span> accro\u00eet la performance.<\/li>\n<li class=\"p1\" style=\"text-align: justify;\">Si <span style=\"color: #ff9849;\"><strong>les valeurs<\/strong><\/span> de l\u2019individu sont en accord avec celle de l\u2019entreprise, il sera d\u2019autant plus motiv\u00e9 et efficace.<\/li>\n<li class=\"p1\" style=\"text-align: justify;\"><span style=\"color: #ff9849;\"><strong>Respecter ses valeurs<\/strong> <\/span>permet d\u2019opter pour le choix professionnel le plus coh\u00e9rent et le plus juste pour soi.<\/li>\n<li class=\"p1\" style=\"text-align: justify;\"><span style=\"color: #ff9849;\"><strong>Trouver sa place<\/strong><\/span> am\u00e8ne dans sa zone d\u2019excellence.<\/li>\n<li class=\"p1\" style=\"text-align: justify;\">\n<p style=\"text-align: justify;\">Chercher o\u00f9 et comment <span style=\"color: #ff9849;\"><strong>obtenir des r\u00e9sultats<\/strong><\/span> qui feront changer les choses dans les 18 mois \u00e0 venir.<\/p>\n<\/li>\n<\/ul>\n<\/div>\n<p>&nbsp;[\/et_pb_text][et_pb_text _builder_version=\u00a0\u00bb4.24.2&Prime; _module_preset=\u00a0\u00bbdefault\u00a0\u00bb hover_enabled=\u00a0\u00bb0&Prime; sticky_enabled=\u00a0\u00bb0&Prime;]<\/p>\n<p>Pour aller plus loin :<\/p>\n<p>[\/et_pb_text][et_pb_button button_url=\u00a0\u00bbhttps:\/\/www.capitecorpus.com\/formation-management\/\u00a0\u00bb url_new_window=\u00a0\u00bbon\u00a0\u00bb button_text=\u00a0\u00bbD\u00e9couvrez nos formations en Management\u00a0\u00bb _builder_version=\u00a0\u00bb4.24.2&Prime; _module_preset=\u00a0\u00bbdefault\u00a0\u00bb custom_button=\u00a0\u00bbon\u00a0\u00bb button_text_size=\u00a0\u00bb17px\u00a0\u00bb button_text_color=\u00a0\u00bb#fd7c13&Prime; button_font=\u00a0\u00bb|600|||||||\u00a0\u00bb hover_enabled=\u00a0\u00bb0&Prime; locked=\u00a0\u00bboff\u00a0\u00bb global_colors_info=\u00a0\u00bb{}\u00a0\u00bb sticky_enabled=\u00a0\u00bb0&Prime;][\/et_pb_button][\/et_pb_column][\/et_pb_row][\/et_pb_section]<\/p>\n","protected":false},"excerpt":{"rendered":"<p>La plupart d&rsquo;entre nous pense savoir quels sont ses points forts et ses faiblesses mais sommes-nous pour autant tr\u00e8s objectifs ? N&rsquo;est-ce pas en comptant sur ses atouts que l&rsquo;on parvient \u00e0 trouver sa l\u00e9gitimit\u00e9 dans le monde professionnel ? Ainsi, selon le professeur et consultant am\u00e9ricain en management d\u2019entreprise Peter F. Drucker, se manager [&hellip;]<\/p>\n","protected":false},"author":3,"featured_media":3024,"comment_status":"open","ping_status":"open","sticky":false,"template":"","format":"standard","meta":{"_et_pb_use_builder":"on","_et_pb_old_content":"<p style=\"text-align: justify;\">La plupart d'entre nous pense savoir quels sont ses points forts et ses faiblesses mais sommes-nous pour autant tr\u00e8s objectifs ? N'est-ce pas en comptant sur ses atouts que l'on parvient \u00e0 trouver sa l\u00e9gitimit\u00e9 dans le monde professionnel ? Ainsi, selon le professeur et consultant am\u00e9ricain en management d\u2019entreprise Peter F. Drucker, se manager soi-m\u00eame est un pr\u00e9alable n\u00e9cessaire \u00e0 toute forme d\u2019encadrement. Cela permet de trouver sa juste place et de rester impliqu\u00e9 tout au long de sa carri\u00e8re professionnelle, mais pas que. Se <strong><span style=\"color: #ff9849;\">manager soi-m\u00eame<\/span><\/strong> c\u2019est, aussi et surtout, attirer \u00e0 soi le succ\u00e8s gr\u00e2ce \u00e0 une bonne connaissance de ses valeurs, de ses atouts et de ses domaines de comp\u00e9tence.<\/p>\r\n<p style=\"text-align: justify;\">Loin d\u2019\u00eatre une pr\u00e9disposition inn\u00e9e, se manager soi-m\u00eame s\u2019apprend en cheminant vers la connaissance de soi. Pour cela, Peter F. Drucker propose de r\u00e9pondre \u00e0 5 questions permettant de percer \u00e0 jour nos talents cach\u00e9s.<\/p>\r\n\r\n<h2 style=\"text-align: justify;\">Les 5 questions permettant de mieux se conna\u00eetre<\/h2>\r\n<h3 style=\"text-align: justify;\">Quels sont mes points forts ?<\/h3>\r\n<p style=\"text-align: justify;\">La performance se construit sur ses atouts et non sur ses faiblesses alors prenez le temps de vous interroger. Pour cela, il existe un outil infaillible\u00a0: <span style=\"color: #ff9849;\"><strong>l\u2019analyse r\u00e9troactive<\/strong>.<\/span> Cet outil nous vient d\u2019un th\u00e9ologien allemand du XIV\u00e8me si\u00e8cle et fut repris par les non moins illustres Jean Calvin et Ignace de Loyola.<\/p>\r\n<p style=\"text-align: justify;\">Voici comment proc\u00e9der\u00a0: \u00e0 chaque d\u00e9cision importante ou action engag\u00e9e, notez le r\u00e9sultat que vous souhaitez obtenir. Une fois le r\u00e9sultat obtenu, (quelques semaines ou mois plus tard) comparez-le avec celui que vous aviez escompt\u00e9. L\u2019analyse r\u00e9troactive est la fa\u00e7on la plus simple et pr\u00e9cise pour identifier votre conduite \u00e0 tenir car elle met en lumi\u00e8re\u00a0:<\/p>\r\n\r\n<ul style=\"text-align: justify;\">\r\n \t<li><span style=\"color: #ff9849;\"><strong>Vos points forts<\/strong><\/span>\u00a0: n\u2019ayez de cesse de les perfectionner et de les mettre en \u0153uvre.<\/li>\r\n \t<li><span style=\"color: #ff9849;\"><strong>Vos faiblesses\u00a0<\/strong><\/span>: une fois identifi\u00e9es, vous pourrez les am\u00e9liorer.<\/li>\r\n \t<li><span style=\"color: #ff9849;\"><strong>Les domaines o\u00f9 vous faites preuve \u00ab\u00a0d\u2019arrogance intellectuelle\u00a0\u00bb<\/strong><\/span>\u00a0: laissez de c\u00f4t\u00e9 la vanit\u00e9 pour vous ouvrir sur votre environnement avec humilit\u00e9 et objectivit\u00e9.<\/li>\r\n \t<li><span style=\"color: #ff9849;\"><strong>Vos mauvaises habitudes<\/strong><\/span>\u00a0: que vous pourrez corriger.<\/li>\r\n \t<li><span style=\"color: #ff9849;\"><strong>Votre mani\u00e8re d\u2019\u00eatre<\/strong>\u00a0<\/span>: avez-vous toujours la bonne attitude dans vos relations professionnelles\u00a0?<\/li>\r\n<\/ul>\r\n<h3 style=\"text-align: justify;\">Quel est mon style de travail ?<\/h3>\r\n<p style=\"text-align: justify;\">Il existe diff\u00e9rentes fa\u00e7ons d\u2019exercer son m\u00e9tier, diverses m\u00e9thodologies, diverses postures professionnelles. Si vous travaillez selon un sch\u00e9ma qui n\u2019est pas le v\u00f4tre, vous augmenterez le niveau de difficult\u00e9 et donc vous r\u00e9duirez votre productivit\u00e9. La fa\u00e7on de travailler ne se choisit pas, elle est inh\u00e9rente \u00e0 votre personnalit\u00e9. Pour savoir comment vous fonctionnez, vous pouvez vous poser les questions suivantes\u00a0:<\/p>\r\n\r\n<ul style=\"text-align: justify;\">\r\n \t<li>Suis-je <span style=\"color: #ff9849;\"><strong>auditif <\/strong><\/span>ou <strong><span style=\"color: #ff9849;\">visuel<\/span>\u00a0<\/strong>? Si vous \u00eates visuel, vous avez besoin de lire ou de poser les choses par \u00e9crit avant de vous exprimer. Si vous \u00eates auditif, vous serez \u00e0 l\u2019aise dans les conversations.<\/li>\r\n \t<li>Quel est mon <span style=\"color: #ff9849;\"><strong>style d\u2019apprentissage<\/strong><\/span>\u00a0? Apprenez-vous en \u00e9crivant, en agissant ou en parlant\u00a0?<\/li>\r\n \t<li>Est-ce que je sais <span style=\"color: #ff9849;\"><strong>travailler en \u00e9quipe ou suis-je un solitaire<\/strong><\/span>\u00a0? Si je sais travailler en \u00e9quipe, quelle est la nature de mes relations au sein de l\u2019\u00e9quipe\u00a0?<\/li>\r\n \t<li>Est-ce que j\u2019obtiens de meilleurs r\u00e9sultats comme <span style=\"color: #ff9849;\"><strong>d\u00e9cideur<\/strong><\/span> ou comme <span style=\"color: #ff9849;\"><strong>conseiller<\/strong><\/span>\u00a0?<\/li>\r\n \t<li>Suis-je efficace en <span style=\"color: #ff9849;\"><strong>situation de stress<\/strong><\/span> ou ai-je besoin d\u2019un <span style=\"color: #ff9849;\"><strong>environnement\u00a0s\u00e9curis\u00e9<\/strong><\/span> ?<\/li>\r\n \t<li>Est-ce que je travaille mieux dans une <span style=\"color: #ff9849;\"><strong>grande<\/strong><\/span> ou dans une <strong><span style=\"color: #ff9849;\">petite structure\u00a0<\/span><\/strong>?<\/li>\r\n<\/ul>\r\n<h3 style=\"text-align: justify;\">Quelles sont mes valeurs ?<\/h3>\r\n<p style=\"text-align: justify;\">Interrogez-vous pour savoir si <span style=\"color: #ff9849;\"><strong>vos valeurs<\/strong><\/span> sont en accord avec celles de l\u2019entreprise dans laquelle vous travaillez. En effet, travailler dans une entreprise dont le syst\u00e8me de valeurs ne correspond pas au v\u00f4tre vous fera perdre en engagement et en productivit\u00e9. Les conflits de valeurs peuvent se retrouver dans la politique commerciale, de ressources humaines comme dans la strat\u00e9gie. Les conflits de valeurs peuvent appara\u00eetre avec vos points forts\u00a0: vous pouvez exceller dans un domaine de comp\u00e9tence sans pour autant \u00eatre en accord avec vos valeurs. En <span style=\"color: #ff9849;\"><strong>respectant vos valeurs<\/strong><\/span>, vous opterez pour le choix professionnel le plus coh\u00e9rent et le plus juste pour vous.<\/p>\r\n\r\n<h3 style=\"text-align: justify;\">Quelle est ma place ?<\/h3>\r\n<p style=\"text-align: justify;\">Une fois apr\u00e8s avoir r\u00e9pondu aux 3 questions pr\u00e9c\u00e9dentes (quels sont mes points forts, quel est mon style de travail et quelles sont mes valeurs), vous devriez \u00eatre en mesure de <span style=\"color: #ff9849;\"><strong>d\u00e9terminer les domaines<\/strong><\/span> dans lesquels vous n\u2019avez pas votre place. Par exemple, si vous avez compris que vous n\u2019\u00e9tiez pas un d\u00e9cideur mais un conseiller, et bien cherchez un poste de conseiller pour \u00eatre dans votre zone d\u2019excellence. Autre exemple, si une opportunit\u00e9 ou un changement professionnel vous est pr\u00e9sent\u00e9, vous saurez si c\u2019est bon pour vous d\u2019accepter ou non la proposition. Dans l\u2019affirmative, vous construirez votre nouvel emploi ou vos nouvelles missions autour de vos valeurs et de vos atouts.<\/p>\r\n\r\n<h3 style=\"text-align: justify;\">Quelle devrait \u00eatre ma contribution ?<\/h3>\r\n<p style=\"text-align: justify;\">Le monde du travail est sorti de l\u2019\u00e8re de la subordination. Dans un rapport de subordination, le sup\u00e9rieur hi\u00e9rarchique assigne ses t\u00e2ches \u00e0 son collaborateur. Ce dernier se borne \u00e0 faire ce qu\u2019on lui demande. A l\u2019inverse, laisser son collaborateur \u0153uvrer \u00e0 sa mani\u00e8re n\u2019est gu\u00e8re plus productif. Voil\u00e0 pourquoi il est essentiel de d\u00e9terminer quelle est votre contribution\u00a0: \u00ab\u00a0o\u00f9 et comment puis-je <span style=\"color: #ff9849;\"><strong>obtenir des r\u00e9sultats<\/strong><\/span> qui feront changer les choses dans les 18 mois \u00e0 venir\u00a0\u00bb\u00a0? Voici les crit\u00e8res pour vous aider \u00e0 r\u00e9pondre \u00e0 cette question\u00a0:<\/p>\r\n\r\n<ul style=\"text-align: justify;\">\r\n \t<li>Les r\u00e9sultats doivent \u00eatre difficiles \u00e0 atteindre, mais accessibles. Cela doit vous demander de faire des efforts.<\/li>\r\n \t<li>Les r\u00e9sultats doivent \u00eatre atteignables.<\/li>\r\n \t<li>Les r\u00e9sultats doivent \u00eatre significatifs, c\u2019est-\u00e0-dire permettre d\u2019apporter du changement.<\/li>\r\n \t<li>Les r\u00e9sultats doivent \u00eatre observables et quantifiables.<\/li>\r\n<\/ul>\r\n<p style=\"text-align: justify;\">C\u2019est en r\u00e9pondant \u00e0 ces questions que vous trouverez votre strat\u00e9gie, votre conduite \u00e0 tenir.<\/p>\r\n\r\n<h2 style=\"text-align: justify;\">L'engagement relationnel pour se manager soi-m\u00eame<\/h2>\r\n<p style=\"text-align: justify;\">Se manager soi-m\u00eame ne signifie pas qu\u2019il faille travailler en solitaire pour obtenir des r\u00e9sultats. Au contraire, se manager soi-m\u00eame n\u00e9cessite d\u2019interagir avec les autres. Pour avoir des relations inter-personnelles harmonieuses et en tirer de la performance, il est n\u00e9cessaire de consid\u00e9rer ses collaborateurs. Ayez conscience que \u00ab\u00a0l\u2019autre\u00a0\u00bb est un individu \u00e0 part enti\u00e8re qui a ses points forts, son style de travail et ses valeurs. Fort de vos connaissances en la mati\u00e8re vous saurez non seulement les rep\u00e9rer chez vos collaborateurs mais aussi les amener \u00e0 se poser les bonnes questions. Ainsi le manager pourra s\u2019adapter aux m\u00e9thodes de ses collaborateurs pour leur assurer les meilleures performances. C\u2019est pourquoi on ne peut faire l\u2019\u00e9conomie de la communication avec quiconque.<\/p>\r\n<p style=\"text-align: justify;\">Parce que vous \u00eates avant tout des individus devant vous acquitter de votre charge en faisant le meilleur usage de vos comp\u00e9tences, apprendre \u00e0 vous manager vous-m\u00eame pourra vous propulser de la comp\u00e9tence \u00e0 l\u2019excellence.<\/p>\r\n\r\n<div style=\"border: 2px solid #ff9849; padding: 15px;\">\r\n<h3 style=\"letter-spacing: -0.01em; text-align: justify;\">Points \u00e0 retenir\u00a0:<\/h3>\r\n<ul>\r\n \t<li class=\"p1\" style=\"text-align: justify;\">Parce que la performance <span style=\"color: #ff9849;\"><strong>se construit sur ses atouts<\/strong><\/span>, savoir se manager soi-m\u00eame est essentiel.<\/li>\r\n \t<li class=\"p1\" style=\"text-align: justify;\">L\u2019<span style=\"color: #ff9849;\"><strong>analyse r\u00e9troactive<\/strong><\/span> est un outil efficace pour d\u00e9terminer ses atouts.<\/li>\r\n \t<li class=\"p1\" style=\"text-align: justify;\">Travailler selon <span style=\"color: #ff9849;\"><strong>son style de travail<\/strong><\/span> accro\u00eet la performance.<\/li>\r\n \t<li class=\"p1\" style=\"text-align: justify;\">Si <span style=\"color: #ff9849;\"><strong>les valeurs<\/strong><\/span> de l\u2019individu sont en accord avec celle de l\u2019entreprise, il sera d\u2019autant plus motiv\u00e9 et efficace.<\/li>\r\n \t<li class=\"p1\" style=\"text-align: justify;\"><span style=\"color: #ff9849;\"><strong>Respecter ses valeurs<\/strong> <\/span>permet d\u2019opter pour le choix professionnel le plus coh\u00e9rent et le plus juste pour soi.<\/li>\r\n \t<li class=\"p1\" style=\"text-align: justify;\"><span style=\"color: #ff9849;\"><strong>Trouver sa place<\/strong><\/span> am\u00e8ne dans sa zone d\u2019excellence.<\/li>\r\n \t<li class=\"p1\" style=\"text-align: justify;\">\r\n<p style=\"text-align: justify;\">Chercher o\u00f9 et comment <span style=\"color: #ff9849;\"><strong>obtenir des r\u00e9sultats<\/strong><\/span> qui feront changer les choses dans les 18 mois \u00e0 venir.<\/p>\r\n<\/li>\r\n<\/ul>\r\n<\/div>\r\n&nbsp;","_et_gb_content_width":"","footnotes":""},"categories":[3],"tags":[],"class_list":["post-2694","post","type-post","status-publish","format-standard","has-post-thumbnail","hentry","category-boite-a-outils","et-has-post-format-content","et_post_format-et-post-format-standard"],"views":2856,"_links":{"self":[{"href":"https:\/\/www.capitecorpus.com\/blog\/wp-json\/wp\/v2\/posts\/2694","targetHints":{"allow":["GET"]}}],"collection":[{"href":"https:\/\/www.capitecorpus.com\/blog\/wp-json\/wp\/v2\/posts"}],"about":[{"href":"https:\/\/www.capitecorpus.com\/blog\/wp-json\/wp\/v2\/types\/post"}],"author":[{"embeddable":true,"href":"https:\/\/www.capitecorpus.com\/blog\/wp-json\/wp\/v2\/users\/3"}],"replies":[{"embeddable":true,"href":"https:\/\/www.capitecorpus.com\/blog\/wp-json\/wp\/v2\/comments?post=2694"}],"version-history":[{"count":4,"href":"https:\/\/www.capitecorpus.com\/blog\/wp-json\/wp\/v2\/posts\/2694\/revisions"}],"predecessor-version":[{"id":4111,"href":"https:\/\/www.capitecorpus.com\/blog\/wp-json\/wp\/v2\/posts\/2694\/revisions\/4111"}],"wp:featuredmedia":[{"embeddable":true,"href":"https:\/\/www.capitecorpus.com\/blog\/wp-json\/wp\/v2\/media\/3024"}],"wp:attachment":[{"href":"https:\/\/www.capitecorpus.com\/blog\/wp-json\/wp\/v2\/media?parent=2694"}],"wp:term":[{"taxonomy":"category","embeddable":true,"href":"https:\/\/www.capitecorpus.com\/blog\/wp-json\/wp\/v2\/categories?post=2694"},{"taxonomy":"post_tag","embeddable":true,"href":"https:\/\/www.capitecorpus.com\/blog\/wp-json\/wp\/v2\/tags?post=2694"}],"curies":[{"name":"wp","href":"https:\/\/api.w.org\/{rel}","templated":true}]}}