{"id":2997,"date":"2022-04-15T15:03:09","date_gmt":"2022-04-15T14:03:09","guid":{"rendered":"https:\/\/www.capitecorpus.com\/blog\/?p=2997"},"modified":"2025-03-11T17:00:45","modified_gmt":"2025-03-11T16:00:45","slug":"la-raison-detre-de-lentreprise-la-cle-de-la-motivation","status":"publish","type":"post","link":"https:\/\/www.capitecorpus.com\/blog\/la-raison-detre-de-lentreprise-la-cle-de-la-motivation\/","title":{"rendered":"La raison d&rsquo;\u00eatre de l&rsquo;entreprise : la cl\u00e9 de la motivation"},"content":{"rendered":"<p>[et_pb_section fb_built=\u00a0\u00bb1&Prime; _builder_version=\u00a0\u00bb4.17.3&Prime; _module_preset=\u00a0\u00bbdefault\u00a0\u00bb global_colors_info=\u00a0\u00bb{}\u00a0\u00bb][et_pb_row _builder_version=\u00a0\u00bb4.17.3&Prime; _module_preset=\u00a0\u00bbdefault\u00a0\u00bb global_colors_info=\u00a0\u00bb{}\u00a0\u00bb][et_pb_column type=\u00a0\u00bb4_4&Prime; _builder_version=\u00a0\u00bb4.17.3&Prime; _module_preset=\u00a0\u00bbdefault\u00a0\u00bb global_colors_info=\u00a0\u00bb{}\u00a0\u00bb][et_pb_text _builder_version=\u00a0\u00bb4.17.3&Prime; _module_preset=\u00a0\u00bbdefault\u00a0\u00bb global_colors_info=\u00a0\u00bb{}\u00a0\u00bb]<\/p>\n<p style=\"text-align: justify;\">Comprenez-vous toujours la <span style=\"color: #ff9849;\"><strong>raison d\u2019\u00eatre de l\u2019entreprise<\/strong><\/span> pour laquelle vous travaillez\u00a0? Si vous r\u00e9pondez par l\u2019affirmative \u00e0 cette question c\u2019est d\u00e9j\u00e0 beaucoup. Est-ce que la <span style=\"color: #ff9849;\"><strong>mission<\/strong><\/span>, la <span style=\"color: #ff9849;\"><strong>philosophie<\/strong><\/span> de cette m\u00eame entreprise qui vous emploie fait sens pour vous\u00a0? Correspond-elle \u00e0 votre propre vision de l\u2019activit\u00e9\u00a0? Si vous r\u00e9pondez encore positivement, il y a fort \u00e0 parier que vous travaillez dans un climat d\u2019entreprise propice \u00e0 la performance. En effet, la raison d\u2019\u00eatre de l\u2019entreprise est le terreau fertile de <span style=\"color: #ff9849;\"><strong>l\u2019engagement<\/strong><\/span>, de la <span style=\"color: #ff9849;\"><strong>motivation<\/strong><\/span> et de la <span style=\"color: #ff9849;\"><strong>comp\u00e9titivit\u00e9<\/strong><\/span>. Malheureusement, force est de constater que la majorit\u00e9 des employ\u00e9s ne connaissent pas cette fameuse raison d\u2019\u00eatre car ils ne savent m\u00eame pas ce que c\u2019est. Comment la d\u00e9finir, comment la communiquer \u00e0 son entourage professionnel\u00a0et comment lui donner vie ? Robert E. Quinn, professeur, consultant am\u00e9ricain avec Anjan V.Thakor universitaire am\u00e9ricain, nous soumettent leurs conseils issus de leur immersion en entreprise.<\/p>\n<h2 style=\"text-align: justify;\">Qu\u2019est-ce que la raison d\u2019\u00eatre d\u2019une entreprise\u00a0?<\/h2>\n<p style=\"text-align: justify;\">La raison d\u2019\u00eatre englobe une vision ambitieuse des affaires car elle repr\u00e9sente les <span style=\"color: #ff9849;\"><strong>valeurs sp\u00e9cifiques de l\u2019entreprise<\/strong><\/span>. Par sa raison d\u2019\u00eatre, la soci\u00e9t\u00e9 renseigne sur le <span style=\"color: #ff9849;\"><strong>pourquoi de son existence<\/strong><\/span>, sur les besoins auxquels elle a l\u2019intention de r\u00e9pondre. C\u2019est encore la raison d\u2019\u00eatre qui guide les d\u00e9cisions prises par l\u2019organisation. Enfin, c\u2019est \u00e0 travers sa raison d\u2019\u00eatre que la soci\u00e9t\u00e9 va se projeter dans l\u2019avenir.<\/p>\n<p style=\"text-align: justify;\">De ce fait, elle <span style=\"color: #ff9849;\"><strong>donne du sens<\/strong><\/span> au travail de chaque personne qui \u0153uvre au sein de son entreprise. Le sens est un gage infaillible de motivation p\u00e9renne et de performances. La raison d\u2019\u00eatre, en donnant du sens au travail de ses collaborateurs, entretient leur <span style=\"color: #ff9849;\"><strong>motivation<\/strong><\/span>. Et c\u2019est par le biais de cette motivation que ces m\u00eames collaborateurs participeront \u00e0 la r\u00e9alisation de la raison d\u2019\u00eatre de l\u2019entreprise qui les fait travailler. C\u2019est une boucle du succ\u00e8s qui s\u2019autoalimente\u00a0!<\/p>\n<h2 style=\"text-align: justify;\">Comment utiliser la raison d\u2019\u00eatre comme levier de motivation\u00a0?<\/h2>\n<p style=\"text-align: justify;\">Pour bien transmettre la raison d\u2019\u00eatre de sa soci\u00e9t\u00e9 \u00e0 ses collaborateurs, le manager doit lui-m\u00eame la <span style=\"color: #ff9849;\"><strong>conna\u00eetre<\/strong><\/span> et <span style=\"color: #ff9849;\"><strong>se l\u2019approprier<\/strong><\/span>. Il devra la comprendre, la faire sienne pour mieux la communiquer et la faire accueillir par le personnel. Le manager est donc le second vecteur de la raison d\u2019\u00eatre apr\u00e8s le dirigeant. Comment peut-il s\u2019y prendre\u00a0?<\/p>\n<h3 style=\"text-align: justify;\">En insufflant l\u2019inspiration dans l\u2019esprit de ses collaborateurs<\/h3>\n<p style=\"text-align: justify;\">Dans le monde des affaires, on se confronte quotidiennement \u00e0 des difficult\u00e9s. La raison d\u2019\u00eatre de l\u2019entreprise, incarn\u00e9e par ses dirigeants, montre la voie vers une<span style=\"color: #ff9849;\"><strong> issue positive<\/strong><\/span>. Autrement dit, m\u00eame si, en apparence, il y a p\u00e9ril en la demeure, tant que la raison d\u2019\u00eatre de l\u2019entreprise est omnipr\u00e9sente, l\u2019ensemble des collaborateurs maintiendront leur niveau de motivation car ils trouveront toujours du <span style=\"color: #ff9849;\"><strong>sens \u00e0 leur mission<\/strong><\/span>. Ainsi, plut\u00f4t que de baisser les bras, ils feront preuve de cr\u00e9ativit\u00e9 pour contourner les probl\u00e8mes et esquisser un sc\u00e9nario gagnant.<\/p>\n<h3 style=\"text-align: justify;\">En s\u2019adressant au c\u0153ur de ses salari\u00e9s<\/h3>\n<p style=\"text-align: justify;\">S\u2019adresser au c\u0153ur des salari\u00e9s, c\u2019est toucher ce qui fait sens pour eux. Par l\u2019\u00e9coute et le dialogue, le manager qui entend et comprend les valeurs de ses employ\u00e9s saura nourrir leurs <span style=\"color: #ff9849;\"><strong>besoins<\/strong><\/span> et faire correspondre leur qu\u00eate de sens \u00e0 la raison d\u2019\u00eatre de l\u2019entreprise.<\/p>\n<h3 style=\"text-align: justify;\"><strong>En \u00e9tant coh\u00e9rent, sinc\u00e8re et constant<\/strong><\/h3>\n<p style=\"text-align: justify;\">Si les actes des dirigeants ne sont pas en coh\u00e9rence avec la raison d\u2019\u00eatre que l\u2019organisation affiche, personne ne sera dupe. La qu\u00eate de sens sera veine et la motivation du personnel en berne. Le leader se doit d\u2019\u00eatre <span style=\"color: #ff9849;\"><strong>constant<\/strong>, <strong>sinc\u00e8re<\/strong><\/span> pour que ses collaborateurs reconnaissent son engagement. Ils se rangeront de fait \u00e0 son positionnement et gagneront en motivation. Vous l\u2019avez compris, la raison d\u2019\u00eatre est un travail permanent.<\/p>\n<h3 style=\"text-align: justify;\"><strong>En stimulant l\u2019apprentissage individuel<\/strong><\/h3>\n<p style=\"text-align: justify;\">Si la raison d\u2019\u00eatre est immuable, la mani\u00e8re de la mettre en \u0153uvre \u00e9volue en fonction du mouvement et des al\u00e9as du march\u00e9. Ainsi pour respecter la raison d\u2019\u00eatre, chaque collaborateur de l\u2019organisation va devoir <span style=\"color: #ff9849;\"><strong>apprendre<\/strong>, <strong>se former<\/strong>, <strong>r\u00e9inventer sa fa\u00e7on de travailler<\/strong><\/span>. En d\u00e9veloppant ses capacit\u00e9s d\u2019adaptation, en sortant de l\u2019immobilisme s\u2019il a lieu, l\u2019ennui et la routine dispara\u00eetront. La motivation quant \u00e0 elle restera \u00e9lev\u00e9e.<\/p>\n<h3 style=\"text-align: justify;\">En favorisant la connexion des individus \u00e0 la raison d\u2019\u00eatre<\/h3>\n<p style=\"text-align: justify;\">Le manager va permettre au salari\u00e9 de relier la raison d\u2019\u00eatre \u00e0 ses t\u00e2ches quotidiennes. Il ne s\u2019agit pas de donner des directives. Il s\u2019agit surtout de faire participer tout le personnel au <span style=\"color: #ff9849;\"><strong>processus de connexion<\/strong><\/span>. Comment\u00a0? En encourageant les salari\u00e9s \u00e0 t\u00e9moigner sur leur travail, en partant de l\u2019individuel pour s\u2019int\u00e9grer dans le collectif.<\/p>\n<h3 style=\"text-align: justify;\">En lib\u00e9rant les \u00ab\u00a0\u00e9nergisants positifs\u00a0\u00bb<\/h3>\n<p style=\"text-align: justify;\">Chaque entreprise a son vivier de personnes exalt\u00e9es, convaincues, optimistes qui incarnent la raison d\u2019\u00eatre. Ce sont des <span style=\"color: #ff9849;\"><strong>personnes ressources<\/strong><\/span> qui sans rien faire, vont stimuler naturellement leurs coll\u00e8gues. Ouvertes avec l\u2019esprit d\u2019initiatives, elles inspirent naturellement confiance. Elles peuvent cr\u00e9er des r\u00e9seaux, \u00eatre charg\u00e9e de mener des actions, animer des r\u00e9unions.<\/p>\n<p style=\"text-align: justify;\">Gr\u00e2ce \u00e0 la raison d\u2019\u00eatre, chaque salari\u00e9 se sentira comme faisant partie d\u2019un projet important et audacieux. Ils voudront apporter, non pas une mais <span style=\"color: #ff9849;\"><strong>leur<\/strong> <strong>pierre \u00e0 l\u2019\u00e9difice<\/strong><\/span> car cela fera sens pour eux. Ils ne seront pas pr\u00eats \u00e0 la t\u00e2che mais \u00e0 <span style=\"color: #ff9849;\"><strong>leur<\/strong> <strong>t\u00e2che<\/strong><\/span>, pour mener \u00e0 bien <span style=\"color: #ff9849;\"><strong>leur mission professionnelle<\/strong><\/span>. Et \u00e7a, \u00e7a fait toute la diff\u00e9rence.<\/p>\n<div style=\"border: 2px solid #ff9849; padding: 15px; margin-top: 20px;\">\n<h3 style=\"letter-spacing: -0.01em; text-align: justify;\">Points \u00e0 retenir\u00a0:<\/h3>\n<ul>\n<li class=\"li1\" style=\"text-align: justify;\">\n<p>La raison d\u2019\u00eatre repr\u00e9sente les<span style=\"color: #ff9849;\"><strong> valeurs sp\u00e9cifiques<\/strong><\/span> de l\u2019entreprise.<\/p>\n<\/li>\n<li class=\"li1\" style=\"text-align: justify;\">\n<p>Par sa raison d\u2019\u00eatre, la soci\u00e9t\u00e9 renseigne sur <span style=\"color: #ff9849;\"><strong>le pourquoi de son existence<\/strong><\/span>, sur les besoins auxquels elle a l\u2019intention de r\u00e9pondre.<\/p>\n<\/li>\n<li class=\"li1\" style=\"text-align: justify;\">\n<p>La raison d\u2019\u00eatre de l\u2019entreprise, incarn\u00e9e par ses dirigeants, montre toujours la voie vers une <span style=\"color: #ff9849;\"><strong>issue positive<\/strong><\/span>.<\/p>\n<\/li>\n<li class=\"li1\" style=\"text-align: justify;\">\n<p>Le manager qui entend et comprend les valeurs de ses employ\u00e9s saura <span style=\"color: #ff9849;\"><strong>nourrir leurs besoins<\/strong><\/span> et faire correspondre leur <span style=\"color: #ff9849;\"><strong>qu\u00eate de sens<\/strong><\/span> \u00e0 la raison d\u2019\u00eatre de l\u2019entreprise.<\/p>\n<\/li>\n<li class=\"li1\" style=\"text-align: justify;\">\n<p>Le leader se doit d\u2019\u00eatre <span style=\"color: #ff9849;\"><strong>constant<\/strong><\/span>, <span style=\"color: #ff9849;\"><strong>sinc\u00e8re<\/strong><\/span> pour que ses collaborateurs reconnaissent son engagement.<\/p>\n<\/li>\n<\/ul>\n<\/div>\n<p>[\/et_pb_text][et_pb_button button_url=\u00a0\u00bbhttps:\/\/www.capitecorpus.com\/formation-management\/\u00a0\u00bb url_new_window=\u00a0\u00bbon\u00a0\u00bb button_text=\u00a0\u00bbD\u00e9couvrez nos formations en Management\u00a0\u00bb _builder_version=\u00a0\u00bb4.24.2&Prime; _module_preset=\u00a0\u00bbdefault\u00a0\u00bb custom_button=\u00a0\u00bbon\u00a0\u00bb button_text_size=\u00a0\u00bb17px\u00a0\u00bb button_text_color=\u00a0\u00bb#fd7c13&Prime; button_font=\u00a0\u00bb|600|||||||\u00a0\u00bb hover_enabled=\u00a0\u00bb0&Prime; locked=\u00a0\u00bboff\u00a0\u00bb global_colors_info=\u00a0\u00bb{}\u00a0\u00bb sticky_enabled=\u00a0\u00bb0&Prime;][\/et_pb_button][\/et_pb_column][\/et_pb_row][\/et_pb_section]<\/p>\n","protected":false},"excerpt":{"rendered":"<p>Comprenez-vous toujours la raison d\u2019\u00eatre de l\u2019entreprise pour laquelle vous travaillez ? Si vous r\u00e9pondez par l\u2019affirmative \u00e0 cette question c\u2019est d\u00e9j\u00e0 beaucoup. Est-ce que la mission, la philosophie de cette m\u00eame entreprise qui vous emploie fait sens pour vous ?<\/p>\n","protected":false},"author":3,"featured_media":3000,"comment_status":"open","ping_status":"open","sticky":false,"template":"","format":"standard","meta":{"_et_pb_use_builder":"on","_et_pb_old_content":"","_et_gb_content_width":"","footnotes":""},"categories":[3],"tags":[],"class_list":["post-2997","post","type-post","status-publish","format-standard","has-post-thumbnail","hentry","category-boite-a-outils","et-has-post-format-content","et_post_format-et-post-format-standard"],"views":3283,"_links":{"self":[{"href":"https:\/\/www.capitecorpus.com\/blog\/wp-json\/wp\/v2\/posts\/2997","targetHints":{"allow":["GET"]}}],"collection":[{"href":"https:\/\/www.capitecorpus.com\/blog\/wp-json\/wp\/v2\/posts"}],"about":[{"href":"https:\/\/www.capitecorpus.com\/blog\/wp-json\/wp\/v2\/types\/post"}],"author":[{"embeddable":true,"href":"https:\/\/www.capitecorpus.com\/blog\/wp-json\/wp\/v2\/users\/3"}],"replies":[{"embeddable":true,"href":"https:\/\/www.capitecorpus.com\/blog\/wp-json\/wp\/v2\/comments?post=2997"}],"version-history":[{"count":8,"href":"https:\/\/www.capitecorpus.com\/blog\/wp-json\/wp\/v2\/posts\/2997\/revisions"}],"predecessor-version":[{"id":3916,"href":"https:\/\/www.capitecorpus.com\/blog\/wp-json\/wp\/v2\/posts\/2997\/revisions\/3916"}],"wp:featuredmedia":[{"embeddable":true,"href":"https:\/\/www.capitecorpus.com\/blog\/wp-json\/wp\/v2\/media\/3000"}],"wp:attachment":[{"href":"https:\/\/www.capitecorpus.com\/blog\/wp-json\/wp\/v2\/media?parent=2997"}],"wp:term":[{"taxonomy":"category","embeddable":true,"href":"https:\/\/www.capitecorpus.com\/blog\/wp-json\/wp\/v2\/categories?post=2997"},{"taxonomy":"post_tag","embeddable":true,"href":"https:\/\/www.capitecorpus.com\/blog\/wp-json\/wp\/v2\/tags?post=2997"}],"curies":[{"name":"wp","href":"https:\/\/api.w.org\/{rel}","templated":true}]}}