{"id":4278,"date":"2025-11-25T15:02:55","date_gmt":"2025-11-25T14:02:55","guid":{"rendered":"https:\/\/www.capitecorpus.com\/blog\/?p=4278"},"modified":"2025-11-25T15:02:55","modified_gmt":"2025-11-25T14:02:55","slug":"les-non-dits-a-lorigine-des-conflits","status":"publish","type":"post","link":"https:\/\/www.capitecorpus.com\/blog\/les-non-dits-a-lorigine-des-conflits\/","title":{"rendered":"Les Non-dits \u00e0 l&rsquo;origine des conflits"},"content":{"rendered":"\n[et_pb_section fb_built=\u00a0\u00bb1&Prime; _builder_version=\u00a0\u00bb4.27.4&Prime; _module_preset=\u00a0\u00bbdefault\u00a0\u00bb global_colors_info=\u00a0\u00bb{}\u00a0\u00bb][et_pb_row _builder_version=\u00a0\u00bb4.27.4&Prime; _module_preset=\u00a0\u00bbdefault\u00a0\u00bb hover_enabled=\u00a0\u00bb0&Prime; global_colors_info=\u00a0\u00bb{}\u00a0\u00bb sticky_enabled=\u00a0\u00bb0&Prime;][et_pb_column type=\u00a0\u00bb4_4&Prime; _builder_version=\u00a0\u00bb4.27.4&Prime; _module_preset=\u00a0\u00bbdefault\u00a0\u00bb global_colors_info=\u00a0\u00bb{}\u00a0\u00bb][et_pb_text _builder_version=\u00a0\u00bb4.27.4&Prime; _module_preset=\u00a0\u00bbdefault\u00a0\u00bb hover_enabled=\u00a0\u00bb0&Prime; global_colors_info=\u00a0\u00bb{}\u00a0\u00bb sticky_enabled=\u00a0\u00bb0&Prime;]<p style=\"text-align: justify;\">Dans toute organisation, les conflits les plus destructeurs ne naissent pas des d\u00e9saccords exprim\u00e9s, mais de ce qui n&rsquo;a jamais \u00e9t\u00e9 dit. Un collaborateur qui encaisse sans broncher, un manager qui \u00e9vite une conversation difficile, une \u00e9quipe qui fait semblant de ne rien remarquer : ces silences, apparemment anodins, construisent m\u00e9thodiquement le terreau des tensions futures. Comprendre la m\u00e9canique des non-dits, c&rsquo;est se donner les moyens de d\u00e9samorcer les conflits avant qu&rsquo;ils n&rsquo;explosent.<\/p>\n<p style=\"text-align: justify;\">Les non-dits sont le noyau des conflits durables. <strong><span style=\"color: #ff8c02;\">Comment ces silences se transforment-ils in\u00e9vitablement en tensions, puis en ruptures ?<\/span><\/strong><\/p>\n<h3 class=\"p1\"><span style=\"color: #494949;\">1. M\u00e9canique du non-dit : comment le silence prend le dessus<br \/><\/span><span style=\"color: #494949;\"><\/span><\/h3>\n<p class=\"p1\" style=\"text-align: justify;\">Un non-dit ne surgit jamais brutalement. Il se forme <span style=\"color: #ff8c02;\"><strong>progressivement<\/strong><\/span>, presque imperceptiblement. Tout commence par une situation inconfortable : une remarque qui blesse, une d\u00e9cision per\u00e7ue comme injuste, un comportement qui d\u00e9range. \u00c0 ce moment pr\u00e9cis, une opportunit\u00e9 de dialogue existe. Mais plusieurs m\u00e9canismes viennent bloquer l&rsquo;expression :<\/p>\n<ul>\n<li class=\"p3\" style=\"text-align: justify;\">D&rsquo;abord, la <strong><span style=\"color: #ff8c02;\">peur des cons\u00e9quences<\/span><\/strong>. \u00ab\u00a0Si je dis ce que je pense, je vais \u00eatre mal vu\u00a0\u00bb, \u00ab\u00a0Cette conversation va cr\u00e9er un malaise\u00a0\u00bb, \u00ab\u00a0Je risque de d\u00e9t\u00e9riorer la relation\u00a0\u00bb. Ces croyances tenaces conduisent \u00e0 privil\u00e9gier le silence plut\u00f4t que la confrontation. On se dit que ce n&rsquo;est pas si grave, que cela va passer, qu&rsquo;il vaut mieux ne pas faire de vagues&#8230;<\/li>\n<li class=\"p3\" style=\"text-align: justify;\">Ensuite, le <strong><span style=\"color: #ff8c02;\">doute sur la l\u00e9gitimit\u00e9<\/span> <\/strong>de son ressenti. \u00ab\u00a0Peut-\u00eatre que je suis trop susceptible\u00a0\u00bb, \u00ab\u00a0Les autres n&rsquo;ont pas l&rsquo;air si d\u00e9rang\u00e9s que \u00e7a\u00a0\u00bb, \u00ab\u00a0Ce n&rsquo;est sans doute pas le bon moment\u00a0\u00bb. Cette auto-censure trouve souvent sa source encore une fois dans ses propres croyances et aussi dans la culture de l&rsquo;entreprise elle-m\u00eame, particuli\u00e8rement quand elle valorise la discr\u00e9tion et d\u00e9courage l&rsquo;expression des d\u00e9saccords.<\/li>\n<li class=\"p3\" style=\"text-align: justify;\">Enfin, l&rsquo;<strong><span style=\"color: #ff8c02;\">absence de cadre<\/span><\/strong> pour aborder le sujet. Face \u00e0 une situation d\u00e9licate, beaucoup ne savent tout simplement pas comment s&rsquo;y prendre. Ils manquent de mots, de m\u00e9thode, de courage aussi. Alors ils attendent. Et dans cette attente, le non-dit s&rsquo;installe, et se consolide progressivement &#8230;<\/li>\n<\/ul>\n<h3 class=\"p1\"><span style=\"color: #494949;\">2. Du non-dit au conflit : l&rsquo;in\u00e9vitable escalade<\/span><\/h3>\n<p style=\"text-align: justify;\">Ce qui rend les non-dits particuli\u00e8rement dangereux, c&rsquo;est leur capacit\u00e9 \u00e0 se transformer. Ils ne restent jamais fig\u00e9s, ils \u00e9voluent, s&rsquo;amplifient, se d\u00e9forment. Cette m\u00e9tamorphose suit g\u00e9n\u00e9ralement trois \u00e9tapes pr\u00e9visibles :<\/p>\n<ul>\n<li style=\"text-align: justify;\">La premi\u00e8re est celle de l&rsquo;<span style=\"color: #ff8c02;\"><strong>accumulation<\/strong><\/span>. Un premier d\u00e9saccord en entra\u00eene un deuxi\u00e8me, puis un troisi\u00e8me. Chaque nouvelle situation non exprim\u00e9e vient s&#8217;empiler sur les pr\u00e9c\u00e9dentes. Ce qui n&rsquo;\u00e9tait au d\u00e9part qu&rsquo;une g\u00eane passag\u00e8re devient un fardeau constant. Le collaborateur qui n&rsquo;a pas os\u00e9 dire son d\u00e9saccord sur un dossier se retrouve six mois plus tard porteur d&rsquo;une dizaine de frustrations enfouies.<\/li>\n<li style=\"text-align: justify;\">Vient ensuite la phase d&rsquo;<strong><span style=\"color: #ff8c02;\">interpr\u00e9tation.<\/span><\/strong> En l&rsquo;absence d&rsquo;\u00e9change, chacun construit sa propre version de la r\u00e9alit\u00e9. Le manager qui ne re\u00e7oit pas de feedback imagine que tout va bien. Le collaborateur silencieux interpr\u00e8te ce silence du manager comme de l&rsquo;indiff\u00e9rence ou du m\u00e9pris. Les intentions sont pr\u00e9sum\u00e9es, les motivations sont amplifi\u00e9es. Le non-dit cr\u00e9e un espace o\u00f9 les projections remplacent les faits.<\/li>\n<li style=\"text-align: justify;\">Enfin survient l&rsquo;<strong><span style=\"color: #ff8c02;\">explosion<\/span><\/strong>. Un \u00e9v\u00e9nement anodin, souvent mineur, fait office de d\u00e9clencheur. Une remarque banale, un oubli sans importance, et soudain tout ce qui a \u00e9t\u00e9 contenu ressort de mani\u00e8re disproportionn\u00e9e. La violence de la r\u00e9action surprend l&rsquo;entourage qui ne comprend pas d&rsquo;o\u00f9 vient une telle intensit\u00e9. Pourtant, ce n&rsquo;est que la lib\u00e9ration brutale de tout ce qui a \u00e9t\u00e9 refoul\u00e9 !<\/li>\n<\/ul>\n<h3 class=\"p1\">3. Casser le cercle vicieux du non-dit : comment cr\u00e9er les conditions de l&rsquo;expression<\/h3>\n<p class=\"p1\" style=\"text-align: justify;\">\u00c9viter les non-dits ne rel\u00e8ve pas de l&rsquo;injonction \u00e0 tout dire en permanence. Il ne s&rsquo;agit pas de transformer l&rsquo;entreprise en un espace de d\u00e9foulement \u00e9motionnel o\u00f9 chacun exprime le moindre de ses ressentis. Il s&rsquo;agit de cr\u00e9er un environnement o\u00f9 l&rsquo;<span style=\"color: #ff8c02;\"><strong>expression des d\u00e9saccords est possible,<\/strong><\/span> encourag\u00e9e et encadr\u00e9e.<\/p>\n<p class=\"p1\" style=\"text-align: justify;\">Cela commence par le comportement des managers. Un manager qui reconna\u00eet ses erreurs, qui sollicite des retours critiques sur ses d\u00e9cisions, qui remercie ceux qui osent formuler un d\u00e9saccord, envoie un signal puissant : ici, on peut parler. \u00c0 l&rsquo;inverse, un manager qui balaie les objections, qui se justifie syst\u00e9matiquement ou qui sanctionne l&rsquo;expression du doute , installe la culture du non-dit.<\/p>\n<p class=\"p1\" style=\"text-align: justify;\">Au-del\u00e0 des postures individuelles, l&rsquo;entreprise peut se doter de rituels qui favorisent l&rsquo;expression. Des points r\u00e9guliers o\u00f9 chacun peut dire ce qui coince, des formats de r\u00e9union qui pr\u00e9voient explicitement un temps pour les sujets difficiles, des m\u00e9canismes de feedback structur\u00e9s. Ces espaces de parole doivent \u00eatre pr\u00e9visibles, r\u00e9currents et prot\u00e9g\u00e9s. Ils envoient le message que l&rsquo;expression n&rsquo;est pas seulement tol\u00e9r\u00e9e, elle est attendue.<\/p>\n<p class=\"p1\" style=\"text-align: justify;\">Reste la question cruciale du \u00ab\u00a0<span style=\"color: #ff8c02;\"><strong>comment<\/strong><\/span>\u00ab\u00a0. Savoir qu&rsquo;on peut parler ne suffit pas si on ne sait pas quoi dire ni comment le formuler. C&rsquo;est l\u00e0 qu&rsquo;interviennent les <span style=\"color: #ff8c02;\"><strong>m\u00e9thodes<\/strong> <strong>de communication<\/strong><\/span> qui permettent d&rsquo;exprimer un d\u00e9saccord sans attaquer, de nommer un probl\u00e8me sans accuser, de demander un changement sans imposer : la clart\u00e9 n&rsquo;est pas l&rsquo;agressivit\u00e9 !<\/p>\n<p class=\"p1\" style=\"text-align: justify;\">Cr\u00e9er une culture o\u00f9 les d\u00e9saccords peuvent s&rsquo;exprimer avant de devenir des conflits devient un v\u00e9ritable enjeu strat\u00e9gique.<b><\/b><\/p>\n<div style=\"border: 2px solid #ff9849; padding: 15px; margin-top: 20px;\">\n<p class=\"p3\"><span style=\"color: #ff8c02;\"><em><strong>Les points \u00e0 retenir :<\/strong><\/em><\/span><\/p>\n<ul>\n<li class=\"p3\"><strong>Les non-dits se transforment in\u00e9vitablement en tensions puis en conflits :<\/strong> le silence nourrit les probl\u00e8mes.<\/li>\n<li class=\"p3\"><strong>Ce qu&rsquo;on ne dit pas, l&rsquo;autre l&rsquo;interpr\u00e8te (souvent mal) :<\/strong> sans clarification, chacun comble les vides avec ses propres suppositions.<\/li>\n<li class=\"p3\"><strong>Oser clarifier t\u00f4t \u00e9vite les explosions tardives :<\/strong> une conversation difficile aujourd&rsquo;hui pr\u00e9vient un conflit destructeur demain.<\/li>\n<li class=\"p3\"><strong>La qualit\u00e9 des relations internes d\u00e9termine largement la performance collective<\/strong> : rien n&rsquo;ab\u00eeme plus durablement ces relations que les non-dits accumul\u00e9s.<\/li>\n<\/ul>\n<\/div>\n<ul><\/ul>[\/et_pb_text][\/et_pb_column][\/et_pb_row][et_pb_row _builder_version=\u00a0\u00bb4.27.4&Prime; _module_preset=\u00a0\u00bbdefault\u00a0\u00bb global_colors_info=\u00a0\u00bb{}\u00a0\u00bb][et_pb_column type=\u00a0\u00bb4_4&Prime; _builder_version=\u00a0\u00bb4.27.4&Prime; _module_preset=\u00a0\u00bbdefault\u00a0\u00bb global_colors_info=\u00a0\u00bb{}\u00a0\u00bb][et_pb_button button_url=\u00a0\u00bbhttps:\/\/www.capitecorpus.com\/formation-communication-soft-skills\/formation-gestion-des-conflits\/\u00a0\u00bb url_new_window=\u00a0\u00bbon\u00a0\u00bb button_text=\u00a0\u00bbD\u00e9couvrez notre formation Gestion des conflits\u00a0\u00bb _builder_version=\u00a0\u00bb4.27.4&Prime; _module_preset=\u00a0\u00bbdefault\u00a0\u00bb custom_button=\u00a0\u00bbon\u00a0\u00bb button_text_color=\u00a0\u00bb#E02B20&Prime; global_colors_info=\u00a0\u00bb{}\u00a0\u00bb][\/et_pb_button][\/et_pb_column][\/et_pb_row][\/et_pb_section]\n","protected":false},"excerpt":{"rendered":"<p>Dans toute organisation, les conflits les plus destructeurs ne naissent pas des d\u00e9saccords exprim\u00e9s, mais de ce qui n&rsquo;a jamais \u00e9t\u00e9 dit. Un collaborateur qui encaisse sans broncher, un manager qui \u00e9vite une conversation difficile, une \u00e9quipe qui fait semblant de ne rien remarquer : ces silences, apparemment anodins, construisent m\u00e9thodiquement le terreau des tensions futures. Comprendre la m\u00e9canique des non-dits, c&rsquo;est se donner les moyens de d\u00e9samorcer les conflits avant qu&rsquo;ils n&rsquo;explosent.<br \/>\nLes non-dits sont le noyau des conflits durables. Comment ces silences se transforment-ils in\u00e9vitablement en tensions, puis en ruptures ?<\/p>\n","protected":false},"author":7,"featured_media":4303,"comment_status":"open","ping_status":"closed","sticky":false,"template":"","format":"standard","meta":{"_et_pb_use_builder":"on","_et_pb_old_content":"","_et_gb_content_width":"","footnotes":""},"categories":[3],"tags":[],"class_list":["post-4278","post","type-post","status-publish","format-standard","has-post-thumbnail","hentry","category-boite-a-outils","et-has-post-format-content","et_post_format-et-post-format-standard"],"views":1394,"_links":{"self":[{"href":"https:\/\/www.capitecorpus.com\/blog\/wp-json\/wp\/v2\/posts\/4278","targetHints":{"allow":["GET"]}}],"collection":[{"href":"https:\/\/www.capitecorpus.com\/blog\/wp-json\/wp\/v2\/posts"}],"about":[{"href":"https:\/\/www.capitecorpus.com\/blog\/wp-json\/wp\/v2\/types\/post"}],"author":[{"embeddable":true,"href":"https:\/\/www.capitecorpus.com\/blog\/wp-json\/wp\/v2\/users\/7"}],"replies":[{"embeddable":true,"href":"https:\/\/www.capitecorpus.com\/blog\/wp-json\/wp\/v2\/comments?post=4278"}],"version-history":[{"count":8,"href":"https:\/\/www.capitecorpus.com\/blog\/wp-json\/wp\/v2\/posts\/4278\/revisions"}],"predecessor-version":[{"id":4317,"href":"https:\/\/www.capitecorpus.com\/blog\/wp-json\/wp\/v2\/posts\/4278\/revisions\/4317"}],"wp:featuredmedia":[{"embeddable":true,"href":"https:\/\/www.capitecorpus.com\/blog\/wp-json\/wp\/v2\/media\/4303"}],"wp:attachment":[{"href":"https:\/\/www.capitecorpus.com\/blog\/wp-json\/wp\/v2\/media?parent=4278"}],"wp:term":[{"taxonomy":"category","embeddable":true,"href":"https:\/\/www.capitecorpus.com\/blog\/wp-json\/wp\/v2\/categories?post=4278"},{"taxonomy":"post_tag","embeddable":true,"href":"https:\/\/www.capitecorpus.com\/blog\/wp-json\/wp\/v2\/tags?post=4278"}],"curies":[{"name":"wp","href":"https:\/\/api.w.org\/{rel}","templated":true}]}}