{"id":4286,"date":"2025-11-25T15:04:49","date_gmt":"2025-11-25T14:04:49","guid":{"rendered":"https:\/\/www.capitecorpus.com\/blog\/?p=4286"},"modified":"2025-11-25T15:04:45","modified_gmt":"2025-11-25T14:04:45","slug":"la-cnv-au-service-des-relations-internes-desamorcer-les-tensions-avant-quelles-neclatent","status":"publish","type":"post","link":"https:\/\/www.capitecorpus.com\/blog\/la-cnv-au-service-des-relations-internes-desamorcer-les-tensions-avant-quelles-neclatent\/","title":{"rendered":"La CNV au service des relations internes : d\u00e9samorcer les tensions avant qu&rsquo;elles n&rsquo;\u00e9clatent&#8230;"},"content":{"rendered":"<p>[et_pb_section fb_built=\u00a0\u00bb1&Prime; _builder_version=\u00a0\u00bb4.27.4&Prime; _module_preset=\u00a0\u00bbdefault\u00a0\u00bb global_colors_info=\u00a0\u00bb{}\u00a0\u00bb][et_pb_row _builder_version=\u00a0\u00bb4.27.4&Prime; _module_preset=\u00a0\u00bbdefault\u00a0\u00bb global_colors_info=\u00a0\u00bb{}\u00a0\u00bb][et_pb_column type=\u00a0\u00bb4_4&Prime; _builder_version=\u00a0\u00bb4.27.4&Prime; _module_preset=\u00a0\u00bbdefault\u00a0\u00bb global_colors_info=\u00a0\u00bb{}\u00a0\u00bb][et_pb_text _builder_version=\u00a0\u00bb4.27.4&Prime; _module_preset=\u00a0\u00bbdefault\u00a0\u00bb global_colors_info=\u00a0\u00bb{}\u00a0\u00bb]<\/p>\n<p style=\"text-align: justify;\">Dans l&rsquo;environnement professionnel, les tensions ne surgissent jamais par hasard. Elles se construisent progressivement, souvent dans le silence des non-dits et l&rsquo;accumulation de petites frustrations. Un collaborateur qui n&rsquo;ose pas exprimer son d\u00e9saccord, un manager qui retient ses observations, une \u00e9quipe qui laisse passer des comportements probl\u00e9matiques : autant de situations o\u00f9 l&rsquo;absence de communication claire cr\u00e9e un terreau fertile aux conflits.<\/p>\n<p style=\"text-align: justify;\">La <span style=\"color: #00ccff;\"><a href=\"https:\/\/www.capitecorpus.com\/formation-communication-soft-skills\/formation-communication-non-violente\/\" target=\"_blank\" rel=\"noopener\" style=\"color: #00ccff;\"><strong>Communication Non Violente (CNV)<\/strong><\/a> <\/span>est avant tout un outil de pr\u00e9vention qui permet d&rsquo;aborder les situations d\u00e9licates avant qu&rsquo;elles ne se transforment en v\u00e9ritables points de rupture.<\/p>\n<h3 class=\"p1\" style=\"text-align: justify;\"><span style=\"color: #494949;\">1. La CNV, un outil de clarification relationnelle<br \/><\/span><span style=\"color: #494949;\"><\/span><\/h3>\n<p style=\"text-align: justify;\">La plupart des tensions en entreprise naissent d&rsquo;une m\u00eame m\u00e9canique : face \u00e0 une situation qui nous d\u00e9range, notre r\u00e9flexe naturel est de pointer du doigt le comportement de l&rsquo;autre. \u00ab\u00a0Tu ne respectes jamais les d\u00e9lais\u00a0\u00bb, \u00ab\u00a0Vous ne m&rsquo;\u00e9coutez pas\u00a0\u00bb, \u00ab\u00a0Tu monopolises la parole en r\u00e9union\u00a0\u00bb. Ces phrases, m\u00eame justifi\u00e9es par les faits, d\u00e9clenchent imm\u00e9diatement une r\u00e9action d\u00e9fensive chez l&rsquo;interlocuteur.<\/p>\n<p style=\"text-align: justify;\">La <span style=\"color: #ff8c02;\"><strong>CNV<\/strong><\/span> propose un renversement radical de cette approche. Plut\u00f4t que de partir de ce que l&rsquo;autre fait de mal, elle invite \u00e0 partir de ce que nous ressentons et de ce dont nous avons besoin. Ce n&rsquo;est pas un exercice de style ou une fa\u00e7on d&rsquo;\u00e9dulcorer le message. C&rsquo;est une transformation profonde de notre mani\u00e8re d&rsquo;entrer en relation avec l&rsquo;autre.<\/p>\n<p style=\"text-align: justify;\">Lorsqu&rsquo;un manager dit \u00ab\u00a0J&rsquo;ai besoin de visibilit\u00e9 sur l&rsquo;avancement des projets pour pouvoir anticiper les al\u00e9as\u00a0\u00bb plut\u00f4t que \u00ab\u00a0Vous ne me tenez jamais inform\u00e9\u00a0\u00bb, il ouvre un espace de dialogue. Il exprime une n\u00e9cessit\u00e9 l\u00e9gitime sans attaquer la personne. La diff\u00e9rence est subtile mais d\u00e9terminante : dans le premier cas, l&rsquo;\u00e9change peut d\u00e9buter. Dans le second, il se bloque avant m\u00eame d&rsquo;avoir commenc\u00e9.<\/p>\n<p style=\"text-align: justify;\">Parce qu&rsquo;elle nous extrait du mode accusation-d\u00e9fense. Quand un coll\u00e8gue dit \u00ab Tu ne respectes jamais les d\u00e9lais \u00bb, nous entendons une attaque. La CNV nous invite \u00e0 sortir des jugements pour revenir aux faits observables.<\/p>\n<p style=\"text-align: justify;\">La diff\u00e9rence cl\u00e9 : <span style=\"color: #ff8c02;\"><strong>exprimer un besoin<\/strong><\/span> plut\u00f4t que formuler un reproche. \u00ab J&rsquo;ai besoin de visibilit\u00e9 sur les d\u00e9lais pour organiser mon travail \u00bb ouvre un dialogue. \u00ab Tu es toujours en retard \u00bb ferme la porte.<\/p>\n<h3 class=\"p1\" style=\"text-align: justify;\"><span style=\"color: #494949;\">2. Pr\u00e9venir plut\u00f4t que gu\u00e9rir : la force de la CNV<\/span><\/h3>\n<p style=\"text-align: justify;\">En effet la CNV, permet d&rsquo;aborder les situations inconfortables d\u00e8s leur apparition, avant qu&rsquo;elles ne prennent de l&rsquo;ampleur. Cette intervention pr\u00e9coce demande du courage, celui de sortir de notre zone de confort pour nommer ce qui ne va pas. Concr\u00e8tement, cela signifie de ne pas attendre que l&rsquo;agacement se transforme en col\u00e8re pour s&rsquo;exprimer.<\/p>\n<p style=\"text-align: justify;\">Pour nous y aider , la <a href=\"https:\/\/www.capitecorpus.com\/blog\/cnv-outil-gerer-conflits-etablir-dialogue-constructif-bienveillant-interlocuteur\/\"><strong><span style=\"color: #00ccff;\">Communication Non Violente<\/span><\/strong><\/a> offre un cadre rassurant en reposant sur quatre \u00e9tapes fondamentales (OSBD) :<\/p>\n<ul style=\"text-align: justify;\">\n<li><strong>Observation :<\/strong> d\u00e9crire les faits objectivement, sans jugement<\/li>\n<li><strong>Sentiment<\/strong> : identifier l&rsquo;\u00e9motion ressentie<\/li>\n<li><strong>Besoin<\/strong> : reconna\u00eetre le besoin non satisfait<\/li>\n<li><strong>Demande<\/strong> : formuler une demande concr\u00e8te et n\u00e9gociable<\/li>\n<\/ul>\n<p style=\"text-align: justify;\">Cette structure prot\u00e8ge autant celui qui parle que celui qui \u00e9coute. Elle \u00e9vite les <span style=\"color: #ff8c02;\"><strong>g\u00e9n\u00e9ralisations<\/strong><\/span> (\u00ab\u00a0tu fais toujours&#8230;\u00a0\u00bb) et les <span style=\"color: #ff8c02;\"><strong>interpr\u00e9tations<\/strong><\/span> (\u00ab\u00a0tu cherches \u00e0 me nuire\u00a0\u00bb) qui enveniment les situations.<\/p>\n<h3 class=\"p1\" style=\"text-align: justify;\">3. De l&rsquo;outil individuel \u00e0 la culture collective en entreprise<\/h3>\n<p style=\"text-align: justify;\">Lorsque la CNV est pratiqu\u00e9e par quelques personnes seulement dans une organisation, elle produit d\u00e9j\u00e0 des <span style=\"color: #ff8c02;\"><strong>effets positifs<\/strong><\/span>. Mais son v\u00e9ritable potentiel se r\u00e9v\u00e8le quand elle devient une r\u00e9f\u00e9rence commune, un langage partag\u00e9 par l&rsquo;ensemble des \u00e9quipes y compris par le Management.<\/p>\n<p style=\"text-align: justify;\">Dans une entreprise o\u00f9 chacun a \u00e9t\u00e9 sensibilis\u00e9 \u00e0 cette approche, il devient naturel d&rsquo;<strong><span style=\"color: #f8a603;\"><span style=\"color: #ff8c02;\">exprimer<\/span> <span style=\"color: #ff8c02;\">ses<\/span> <span style=\"color: #ff8c02;\">besoins<\/span><\/span><\/strong> sans craindre d&rsquo;\u00eatre jug\u00e9. Les collaborateurs osent dire \u00ab\u00a0J&rsquo;ai besoin de comprendre le contexte de cette demande pour pouvoir y r\u00e9pondre efficacement\u00a0\u00bb plut\u00f4t que de s&rsquo;ex\u00e9cuter en silence tout en d\u00e9veloppant du ressentiment. Les managers peuvent formuler \u00ab\u00a0J&rsquo;ai besoin que nous respections les temps de parole de chacun pour que toutes les id\u00e9es puissent \u00e9merger\u00a0\u00bb sans passer pour des censeurs.<\/p>\n<p style=\"text-align: justify;\">Cette culture de l&rsquo;expression des besoins cr\u00e9e un climat de confiance et de transparence. Elle r\u00e9duit consid\u00e9rablement les tensions latentes qui, faute d&rsquo;\u00eatre exprim\u00e9es, finissent par exploser de mani\u00e8re disproportionn\u00e9e sur des sujets peu importants !<\/p>\n<h3 style=\"text-align: justify;\">4. Les b\u00e9n\u00e9fices concrets pour les relations internes<\/h3>\n<p style=\"text-align: justify;\">Adopter la Communication Non Violente dans ses relations internes n&rsquo;est pas une solution miracle qui supprime tous les d\u00e9saccords. Les conflits d&rsquo;int\u00e9r\u00eats, les divergences de vision et les contraintes organisationnelles continueront d&rsquo;exister. Mais la CNV transforme radicalement la mani\u00e8re dont ces difficult\u00e9s sont abord\u00e9es.<\/p>\n<p style=\"text-align: justify;\">En apprenant \u00e0 exprimer des besoins plut\u00f4t qu&rsquo;\u00e0 formuler des accusations, les \u00e9quipes se dotent d&rsquo;un outil pr\u00e9ventif puissant. Elles ne subissent plus les tensions, elles les anticipent et les traitent avant qu&rsquo;elles ne d\u00e9g\u00e9n\u00e8rent. Et dans un monde professionnel o\u00f9 la qualit\u00e9 des <span style=\"color: #ff8c02;\"><a href=\"https:\/\/www.capitecorpus.com\/formations-relation-client-efficacite-commerciale\/formation-relation-client-interne\/\" style=\"color: #ff8c02;\"><strong>relations internes <\/strong><\/a><\/span>devient un facteur cl\u00e9 de performance, cette comp\u00e9tence n&rsquo;est peut \u00eatre plus une option mais bien une n\u00e9cessit\u00e9 !<\/p>\n<div style=\"border: 2px solid #ff9849; padding: 15px; margin-top: 20px; text-align: justify;\">\n<p class=\"p3\"><span style=\"color: #ff8c02;\"><em><strong>Les points \u00e0 retenir :<\/strong><\/em><\/span><\/p>\n<ul>\n<li class=\"p3\"><strong>La CNV permet d&rsquo;exprimer ses besoins sans attaquer :<\/strong> on peut \u00eatre direct sans \u00eatre blessant.<\/li>\n<li class=\"p3\"><strong>Une demande claire entre coll\u00e8gues pr\u00e9vient les frustrations futures :<\/strong> formuler ce qu&rsquo;on attend concr\u00e8tement \u00e9vite les d\u00e9ceptions.<\/li>\n<li class=\"p3\"><strong>La culture d&rsquo;entreprise devient plus fluide :<\/strong> on passe d&rsquo;une culture du reproche \u00e0 une culture de la responsabilit\u00e9 partag\u00e9e, o\u00f9 chacun peut exprimer ses contraintes dans un climat de respect mutuel.<\/li>\n<\/ul>\n<\/div>\n<p>[\/et_pb_text][\/et_pb_column][\/et_pb_row][et_pb_row _builder_version=\u00a0\u00bb4.27.4&Prime; _module_preset=\u00a0\u00bbdefault\u00a0\u00bb global_colors_info=\u00a0\u00bb{}\u00a0\u00bb][et_pb_column type=\u00a0\u00bb4_4&Prime; _builder_version=\u00a0\u00bb4.27.4&Prime; _module_preset=\u00a0\u00bbdefault\u00a0\u00bb global_colors_info=\u00a0\u00bb{}\u00a0\u00bb][et_pb_button button_url=\u00a0\u00bbhttps:\/\/www.capitecorpus.com\/formation-communication-soft-skills\/formation-communication-non-violente\/\u00a0\u00bb url_new_window=\u00a0\u00bbon\u00a0\u00bb button_text=\u00a0\u00bbPour aller plus loin \u25b8 zoom sur notre formation Communication non violente\u00a0\u00bb _builder_version=\u00a0\u00bb4.27.4&Prime; _module_preset=\u00a0\u00bbdefault\u00a0\u00bb custom_button=\u00a0\u00bbon\u00a0\u00bb button_text_color=\u00a0\u00bb#E02B20&Prime; global_colors_info=\u00a0\u00bb{}\u00a0\u00bb][\/et_pb_button][\/et_pb_column][\/et_pb_row][\/et_pb_section]<\/p>\n","protected":false},"excerpt":{"rendered":"<p>Dans l&rsquo;environnement professionnel, les tensions ne surgissent jamais par hasard&#8230;<\/p>\n","protected":false},"author":7,"featured_media":4301,"comment_status":"open","ping_status":"closed","sticky":false,"template":"","format":"standard","meta":{"_et_pb_use_builder":"on","_et_pb_old_content":"","_et_gb_content_width":"","footnotes":""},"categories":[3],"tags":[],"class_list":["post-4286","post","type-post","status-publish","format-standard","has-post-thumbnail","hentry","category-boite-a-outils","et-has-post-format-content","et_post_format-et-post-format-standard"],"views":1130,"_links":{"self":[{"href":"https:\/\/www.capitecorpus.com\/blog\/wp-json\/wp\/v2\/posts\/4286","targetHints":{"allow":["GET"]}}],"collection":[{"href":"https:\/\/www.capitecorpus.com\/blog\/wp-json\/wp\/v2\/posts"}],"about":[{"href":"https:\/\/www.capitecorpus.com\/blog\/wp-json\/wp\/v2\/types\/post"}],"author":[{"embeddable":true,"href":"https:\/\/www.capitecorpus.com\/blog\/wp-json\/wp\/v2\/users\/7"}],"replies":[{"embeddable":true,"href":"https:\/\/www.capitecorpus.com\/blog\/wp-json\/wp\/v2\/comments?post=4286"}],"version-history":[{"count":12,"href":"https:\/\/www.capitecorpus.com\/blog\/wp-json\/wp\/v2\/posts\/4286\/revisions"}],"predecessor-version":[{"id":4320,"href":"https:\/\/www.capitecorpus.com\/blog\/wp-json\/wp\/v2\/posts\/4286\/revisions\/4320"}],"wp:featuredmedia":[{"embeddable":true,"href":"https:\/\/www.capitecorpus.com\/blog\/wp-json\/wp\/v2\/media\/4301"}],"wp:attachment":[{"href":"https:\/\/www.capitecorpus.com\/blog\/wp-json\/wp\/v2\/media?parent=4286"}],"wp:term":[{"taxonomy":"category","embeddable":true,"href":"https:\/\/www.capitecorpus.com\/blog\/wp-json\/wp\/v2\/categories?post=4286"},{"taxonomy":"post_tag","embeddable":true,"href":"https:\/\/www.capitecorpus.com\/blog\/wp-json\/wp\/v2\/tags?post=4286"}],"curies":[{"name":"wp","href":"https:\/\/api.w.org\/{rel}","templated":true}]}}